{"id":28653,"date":"2022-12-13T12:03:46","date_gmt":"2022-12-13T12:03:46","guid":{"rendered":"https:\/\/agrikomp.com\/?p=28653"},"modified":"2024-02-14T11:19:27","modified_gmt":"2024-02-14T11:19:27","slug":"kierownikbudowy-2","status":"publish","type":"post","link":"https:\/\/www.agrikomp.com\/pl\/kierownikbudowy-2\/","title":{"rendered":"MANAGER PROJEKT\u00d3W"},"content":{"rendered":"\n<ul class=\"wp-block-list\">\n<li><\/li>\n<\/ul>\n\n\n\n<p><strong>Obowi\u0105zki<\/strong>:<\/p>\n\n\n\n<ul class=\"wp-block-list\">\n<li>sporz\u0105dzanie harmonogram\u00f3w rob\u00f3t i nadzorowanie ich terminowej realizacji,<\/li>\n\n\n\n<li>kontakt z podwykonawcami, a tak\u017ce ich koordynacja,<\/li>\n\n\n\n<li>prowadzenie negocjacji cenowych z podwykonawcami,<\/li>\n\n\n\n<li>kontrolowanie realizacji bud\u017cetu budowy,<\/li>\n\n\n\n<li>nadzorowanie zu\u017cycia materia\u0142\u00f3w,<\/li>\n\n\n\n<li>wizyty na budowach,<\/li>\n\n\n\n<li>sporz\u0105dzanie kosztorys\u00f3w bud\u00f3w,<\/li>\n\n\n\n<li>dbanie o sprawny przep\u0142yw informacji pomi\u0119dzy osobami uczestnicz\u0105cymi w -realizacji projektu,<\/li>\n\n\n\n<li>wsp\u00f3\u0142pracowanie z Kierownikiem oraz In\u017cynierem Budowy.<\/li>\n<\/ul>\n\n\n\n<p><strong>Wymagania<\/strong>:<\/p>\n\n\n\n<ul class=\"wp-block-list\">\n<li>wykszta\u0142cenie wy\u017csze, preferowany kierunek: Budownictwo,<\/li>\n\n\n\n<li>min. 1 rok do\u015bwiadczenia na podobnym stanowisku,<\/li>\n\n\n\n<li>mile widziana znajomo\u015b\u0107 j\u0119zyka angielskiego,<\/li>\n\n\n\n<li>znajomo\u015b\u0107 przepis\u00f3w prawa budowlanego,<\/li>\n\n\n\n<li>umiej\u0119tno\u015b\u0107 prowadzenia dokumentacji budowlanej,<\/li>\n\n\n\n<li>podstawowa umiej\u0119tno\u015b\u0107 obs\u0142ugi oprogramowania AutoCAD,<\/li>\n\n\n\n<li>umiej\u0119tno\u015b\u0107 obs\u0142ugi MS Projekt,<\/li>\n\n\n\n<li>prawo jazdy kat. B,<\/li>\n\n\n\n<li>wysokorozwini\u0119te umiej\u0119tno\u015bci planowania,<\/li>\n\n\n\n<li>wysoki poziom organizacji pracy i my\u015blenia analitycznego,<\/li>\n\n\n\n<li>samodzielno\u015b\u0107 i konsekwentno\u015b\u0107 w dzia\u0142aniu.<\/li>\n<\/ul>\n\n\n\n<p><strong>Oferujemy<\/strong>:<\/p>\n\n\n\n<ul class=\"wp-block-list\">\n<li>umow\u0119 o prac\u0119,<\/li>\n\n\n\n<li>elastyczny czas pracy,<\/li>\n\n\n\n<li>pakiet benefit\u00f3w (m. in. MultiSport, ubezpieczenie grupowe).<\/li>\n<\/ul>\n\n\n\n<p><em>RODO:<\/em><\/p>\n\n\n\n<p><em>Prosimy o umieszczenie w aplikacji nast\u0119puj\u0105cej klauzuli: &#8220;Wyra\u017cam zgod\u0119 na przetwarzanie moich danych osobowych dla potrzeb niezb\u0119dnych do realizacji procesu rekrutacji (zgodnie z ustaw\u0105 z dnia 10 maja 2018 roku o ochronie danych osobowych (Dz. Ustaw z 2018, poz. 1000) oraz zgodnie z Rozporz\u0105dzeniem Parlamentu Europejskiego i Rady (UE)2016\/679 z dnia 27 kwietnia 2016 r. w sprawie ochrony os\u00f3b fizycznych w zwi\u0105zku z przetwarzaniem danych osobowych i w sprawie swobodnego przep\u0142ywu takich danych oraz uchylenia dyrektywy 95\/46\/WE (RODO)<\/em><\/p>\n","protected":false},"excerpt":{"rendered":"<p>Obowi\u0105zki: Wymagania: Oferujemy: RODO: Prosimy o umieszczenie w aplikacji nast\u0119puj\u0105cej klauzuli: &#8220;Wyra\u017cam zgod\u0119 na przetwarzanie moich danych osobowych dla potrzeb niezb\u0119dnych do realizacji procesu rekrutacji (zgodnie z ustaw\u0105 z dnia 10 maja 2018 roku o ochronie danych osobowych (Dz. Ustaw z 2018, poz. 1000) oraz zgodnie z Rozporz\u0105dzeniem Parlamentu Europejskiego i Rady (UE)2016\/679 z dnia [&hellip;]<\/p>\n","protected":false},"author":11,"featured_media":19900,"comment_status":"closed","ping_status":"closed","sticky":false,"template":"","format":"standard","meta":{"footnotes":""},"categories":[221],"tags":[],"class_list":["post-28653","post","type-post","status-publish","format-standard","has-post-thumbnail","hentry","category-dolacz-do-nas"],"yoast_head":"<!-- This site is optimized with the Yoast SEO Premium plugin v27.4 (Yoast SEO v27.4) - https:\/\/yoast.com\/product\/yoast-seo-premium-wordpress\/ -->\n<title>MANAGER PROJEKT\u00d3W - agriKomp GmbH<\/title>\n<meta name=\"robots\" content=\"index, follow, max-snippet:-1, max-image-preview:large, max-video-preview:-1\" \/>\n<link rel=\"canonical\" href=\"https:\/\/www.agrikomp.com\/pl\/kierownikbudowy-2\/\" \/>\n<meta property=\"og:locale\" content=\"pl_PL\" \/>\n<meta property=\"og:type\" content=\"article\" \/>\n<meta property=\"og:title\" content=\"MANAGER PROJEKT\u00d3W\" \/>\n<meta property=\"og:description\" content=\"Obowi\u0105zki: Wymagania: Oferujemy: RODO: Prosimy o umieszczenie w aplikacji nast\u0119puj\u0105cej klauzuli: &#8220;Wyra\u017cam zgod\u0119 na przetwarzanie moich danych osobowych dla potrzeb niezb\u0119dnych do realizacji procesu rekrutacji (zgodnie z ustaw\u0105 z dnia 10 maja 2018 roku o ochronie danych osobowych (Dz. Ustaw z 2018, poz. 1000) oraz zgodnie z Rozporz\u0105dzeniem Parlamentu Europejskiego i Rady (UE)2016\/679 z dnia [&hellip;]\" \/>\n<meta property=\"og:url\" content=\"https:\/\/www.agrikomp.com\/pl\/kierownikbudowy-2\/\" \/>\n<meta property=\"og:site_name\" content=\"agriKomp GmbH\" \/>\n<meta property=\"article:publisher\" content=\"https:\/\/www.facebook.com\/agriKomp.Deutschland\" \/>\n<meta property=\"article:published_time\" content=\"2022-12-13T12:03:46+00:00\" \/>\n<meta property=\"article:modified_time\" content=\"2024-02-14T11:19:27+00:00\" \/>\n<meta property=\"og:image\" content=\"https:\/\/www.agrikomp.com\/wp-content\/uploads\/2021\/03\/jobs-header-web-e1619436677675.jpg\" \/>\n\t<meta property=\"og:image:width\" content=\"2000\" \/>\n\t<meta property=\"og:image:height\" content=\"1125\" \/>\n\t<meta property=\"og:image:type\" content=\"image\/jpeg\" \/>\n<meta name=\"author\" content=\"aK PL\" \/>\n<meta name=\"twitter:card\" content=\"summary_large_image\" \/>\n<meta name=\"twitter:label1\" content=\"Napisane przez\" \/>\n\t<meta name=\"twitter:data1\" content=\"aK PL\" \/>\n<script type=\"application\/ld+json\" class=\"yoast-schema-graph\">{\"@context\":\"https:\\\/\\\/schema.org\",\"@graph\":[{\"@type\":\"Article\",\"@id\":\"https:\\\/\\\/www.agrikomp.com\\\/pl\\\/kierownikbudowy-2\\\/#article\",\"isPartOf\":{\"@id\":\"https:\\\/\\\/www.agrikomp.com\\\/pl\\\/kierownikbudowy-2\\\/\"},\"author\":{\"name\":\"aK PL\",\"@id\":\"https:\\\/\\\/agrikomp.com\\\/de\\\/#\\\/schema\\\/person\\\/bb577bdf4caf2feeb62064aa7e521ae5\"},\"headline\":\"MANAGER PROJEKT\u00d3W\",\"datePublished\":\"2022-12-13T12:03:46+00:00\",\"dateModified\":\"2024-02-14T11:19:27+00:00\",\"mainEntityOfPage\":{\"@id\":\"https:\\\/\\\/www.agrikomp.com\\\/pl\\\/kierownikbudowy-2\\\/\"},\"wordCount\":234,\"publisher\":{\"@id\":\"https:\\\/\\\/agrikomp.com\\\/de\\\/#organization\"},\"image\":{\"@id\":\"https:\\\/\\\/www.agrikomp.com\\\/pl\\\/kierownikbudowy-2\\\/#primaryimage\"},\"thumbnailUrl\":\"https:\\\/\\\/www.agrikomp.com\\\/wp-content\\\/uploads\\\/2021\\\/03\\\/jobs-header-web-e1619436677675.jpg\",\"articleSection\":[\"Do\u0142\u0105cz do nas\"],\"inLanguage\":\"pl-PL\"},{\"@type\":\"WebPage\",\"@id\":\"https:\\\/\\\/www.agrikomp.com\\\/pl\\\/kierownikbudowy-2\\\/\",\"url\":\"https:\\\/\\\/www.agrikomp.com\\\/pl\\\/kierownikbudowy-2\\\/\",\"name\":\"MANAGER PROJEKT\u00d3W - agriKomp GmbH\",\"isPartOf\":{\"@id\":\"https:\\\/\\\/agrikomp.com\\\/de\\\/#website\"},\"primaryImageOfPage\":{\"@id\":\"https:\\\/\\\/www.agrikomp.com\\\/pl\\\/kierownikbudowy-2\\\/#primaryimage\"},\"image\":{\"@id\":\"https:\\\/\\\/www.agrikomp.com\\\/pl\\\/kierownikbudowy-2\\\/#primaryimage\"},\"thumbnailUrl\":\"https:\\\/\\\/www.agrikomp.com\\\/wp-content\\\/uploads\\\/2021\\\/03\\\/jobs-header-web-e1619436677675.jpg\",\"datePublished\":\"2022-12-13T12:03:46+00:00\",\"dateModified\":\"2024-02-14T11:19:27+00:00\",\"breadcrumb\":{\"@id\":\"https:\\\/\\\/www.agrikomp.com\\\/pl\\\/kierownikbudowy-2\\\/#breadcrumb\"},\"inLanguage\":\"pl-PL\",\"potentialAction\":[{\"@type\":\"ReadAction\",\"target\":[\"https:\\\/\\\/www.agrikomp.com\\\/pl\\\/kierownikbudowy-2\\\/\"]}]},{\"@type\":\"ImageObject\",\"inLanguage\":\"pl-PL\",\"@id\":\"https:\\\/\\\/www.agrikomp.com\\\/pl\\\/kierownikbudowy-2\\\/#primaryimage\",\"url\":\"https:\\\/\\\/www.agrikomp.com\\\/wp-content\\\/uploads\\\/2021\\\/03\\\/jobs-header-web-e1619436677675.jpg\",\"contentUrl\":\"https:\\\/\\\/www.agrikomp.com\\\/wp-content\\\/uploads\\\/2021\\\/03\\\/jobs-header-web-e1619436677675.jpg\",\"width\":2000,\"height\":1125},{\"@type\":\"BreadcrumbList\",\"@id\":\"https:\\\/\\\/www.agrikomp.com\\\/pl\\\/kierownikbudowy-2\\\/#breadcrumb\",\"itemListElement\":[{\"@type\":\"ListItem\",\"position\":1,\"name\":\"Homepage\",\"item\":\"https:\\\/\\\/www.agrikomp.com\\\/pl\\\/\"},{\"@type\":\"ListItem\",\"position\":2,\"name\":\"Do\u0142\u0105cz do nas\",\"item\":\"https:\\\/\\\/www.agrikomp.com\\\/pl\\\/category\\\/dolacz-do-nas\\\/\"},{\"@type\":\"ListItem\",\"position\":3,\"name\":\"MANAGER PROJEKT\u00d3W\"}]},{\"@type\":\"WebSite\",\"@id\":\"https:\\\/\\\/agrikomp.com\\\/de\\\/#website\",\"url\":\"https:\\\/\\\/agrikomp.com\\\/de\\\/\",\"name\":\"agriKomp GmbH\",\"description\":\"Biogasanlagen und Biogastechnik wie sie gebraucht wird\",\"publisher\":{\"@id\":\"https:\\\/\\\/agrikomp.com\\\/de\\\/#organization\"},\"potentialAction\":[{\"@type\":\"SearchAction\",\"target\":{\"@type\":\"EntryPoint\",\"urlTemplate\":\"https:\\\/\\\/agrikomp.com\\\/de\\\/?s={search_term_string}\"},\"query-input\":{\"@type\":\"PropertyValueSpecification\",\"valueRequired\":true,\"valueName\":\"search_term_string\"}}],\"inLanguage\":\"pl-PL\"},{\"@type\":\"Organization\",\"@id\":\"https:\\\/\\\/agrikomp.com\\\/de\\\/#organization\",\"name\":\"agriKomp\",\"url\":\"https:\\\/\\\/agrikomp.com\\\/de\\\/\",\"logo\":{\"@type\":\"ImageObject\",\"inLanguage\":\"pl-PL\",\"@id\":\"https:\\\/\\\/agrikomp.com\\\/de\\\/#\\\/schema\\\/logo\\\/image\\\/\",\"url\":\"https:\\\/\\\/www.agrikomp.com\\\/wp-content\\\/uploads\\\/2020\\\/11\\\/150224_aKlogo-grau_quer.png\",\"contentUrl\":\"https:\\\/\\\/www.agrikomp.com\\\/wp-content\\\/uploads\\\/2020\\\/11\\\/150224_aKlogo-grau_quer.png\",\"width\":2560,\"height\":455,\"caption\":\"agriKomp\"},\"image\":{\"@id\":\"https:\\\/\\\/agrikomp.com\\\/de\\\/#\\\/schema\\\/logo\\\/image\\\/\"},\"sameAs\":[\"https:\\\/\\\/www.facebook.com\\\/agriKomp.Deutschland\",\"https:\\\/\\\/www.instagram.com\\\/agrikomp\\\/?hl=en\",\"https:\\\/\\\/www.linkedin.com\\\/company\\\/5254243\\\/\",\"https:\\\/\\\/www.youtube.com\\\/@AgrikompDeutschland\"]},{\"@type\":\"Person\",\"@id\":\"https:\\\/\\\/agrikomp.com\\\/de\\\/#\\\/schema\\\/person\\\/bb577bdf4caf2feeb62064aa7e521ae5\",\"name\":\"aK PL\"}]}<\/script>\n<!-- \/ Yoast SEO Premium plugin. -->","yoast_head_json":{"title":"MANAGER PROJEKT\u00d3W - agriKomp GmbH","robots":{"index":"index","follow":"follow","max-snippet":"max-snippet:-1","max-image-preview":"max-image-preview:large","max-video-preview":"max-video-preview:-1"},"canonical":"https:\/\/www.agrikomp.com\/pl\/kierownikbudowy-2\/","og_locale":"pl_PL","og_type":"article","og_title":"MANAGER PROJEKT\u00d3W","og_description":"Obowi\u0105zki: Wymagania: Oferujemy: RODO: Prosimy o umieszczenie w aplikacji nast\u0119puj\u0105cej klauzuli: &#8220;Wyra\u017cam zgod\u0119 na przetwarzanie moich danych osobowych dla potrzeb niezb\u0119dnych do realizacji procesu rekrutacji (zgodnie z ustaw\u0105 z dnia 10 maja 2018 roku o ochronie danych osobowych (Dz. Ustaw z 2018, poz. 1000) oraz zgodnie z Rozporz\u0105dzeniem Parlamentu Europejskiego i Rady (UE)2016\/679 z dnia [&hellip;]","og_url":"https:\/\/www.agrikomp.com\/pl\/kierownikbudowy-2\/","og_site_name":"agriKomp GmbH","article_publisher":"https:\/\/www.facebook.com\/agriKomp.Deutschland","article_published_time":"2022-12-13T12:03:46+00:00","article_modified_time":"2024-02-14T11:19:27+00:00","og_image":[{"width":2000,"height":1125,"url":"https:\/\/www.agrikomp.com\/wp-content\/uploads\/2021\/03\/jobs-header-web-e1619436677675.jpg","type":"image\/jpeg"}],"author":"aK PL","twitter_card":"summary_large_image","twitter_misc":{"Napisane przez":"aK PL"},"schema":{"@context":"https:\/\/schema.org","@graph":[{"@type":"Article","@id":"https:\/\/www.agrikomp.com\/pl\/kierownikbudowy-2\/#article","isPartOf":{"@id":"https:\/\/www.agrikomp.com\/pl\/kierownikbudowy-2\/"},"author":{"name":"aK PL","@id":"https:\/\/agrikomp.com\/de\/#\/schema\/person\/bb577bdf4caf2feeb62064aa7e521ae5"},"headline":"MANAGER PROJEKT\u00d3W","datePublished":"2022-12-13T12:03:46+00:00","dateModified":"2024-02-14T11:19:27+00:00","mainEntityOfPage":{"@id":"https:\/\/www.agrikomp.com\/pl\/kierownikbudowy-2\/"},"wordCount":234,"publisher":{"@id":"https:\/\/agrikomp.com\/de\/#organization"},"image":{"@id":"https:\/\/www.agrikomp.com\/pl\/kierownikbudowy-2\/#primaryimage"},"thumbnailUrl":"https:\/\/www.agrikomp.com\/wp-content\/uploads\/2021\/03\/jobs-header-web-e1619436677675.jpg","articleSection":["Do\u0142\u0105cz do nas"],"inLanguage":"pl-PL"},{"@type":"WebPage","@id":"https:\/\/www.agrikomp.com\/pl\/kierownikbudowy-2\/","url":"https:\/\/www.agrikomp.com\/pl\/kierownikbudowy-2\/","name":"MANAGER PROJEKT\u00d3W - agriKomp GmbH","isPartOf":{"@id":"https:\/\/agrikomp.com\/de\/#website"},"primaryImageOfPage":{"@id":"https:\/\/www.agrikomp.com\/pl\/kierownikbudowy-2\/#primaryimage"},"image":{"@id":"https:\/\/www.agrikomp.com\/pl\/kierownikbudowy-2\/#primaryimage"},"thumbnailUrl":"https:\/\/www.agrikomp.com\/wp-content\/uploads\/2021\/03\/jobs-header-web-e1619436677675.jpg","datePublished":"2022-12-13T12:03:46+00:00","dateModified":"2024-02-14T11:19:27+00:00","breadcrumb":{"@id":"https:\/\/www.agrikomp.com\/pl\/kierownikbudowy-2\/#breadcrumb"},"inLanguage":"pl-PL","potentialAction":[{"@type":"ReadAction","target":["https:\/\/www.agrikomp.com\/pl\/kierownikbudowy-2\/"]}]},{"@type":"ImageObject","inLanguage":"pl-PL","@id":"https:\/\/www.agrikomp.com\/pl\/kierownikbudowy-2\/#primaryimage","url":"https:\/\/www.agrikomp.com\/wp-content\/uploads\/2021\/03\/jobs-header-web-e1619436677675.jpg","contentUrl":"https:\/\/www.agrikomp.com\/wp-content\/uploads\/2021\/03\/jobs-header-web-e1619436677675.jpg","width":2000,"height":1125},{"@type":"BreadcrumbList","@id":"https:\/\/www.agrikomp.com\/pl\/kierownikbudowy-2\/#breadcrumb","itemListElement":[{"@type":"ListItem","position":1,"name":"Homepage","item":"https:\/\/www.agrikomp.com\/pl\/"},{"@type":"ListItem","position":2,"name":"Do\u0142\u0105cz do nas","item":"https:\/\/www.agrikomp.com\/pl\/category\/dolacz-do-nas\/"},{"@type":"ListItem","position":3,"name":"MANAGER PROJEKT\u00d3W"}]},{"@type":"WebSite","@id":"https:\/\/agrikomp.com\/de\/#website","url":"https:\/\/agrikomp.com\/de\/","name":"agriKomp GmbH","description":"Biogasanlagen und Biogastechnik wie sie gebraucht wird","publisher":{"@id":"https:\/\/agrikomp.com\/de\/#organization"},"potentialAction":[{"@type":"SearchAction","target":{"@type":"EntryPoint","urlTemplate":"https:\/\/agrikomp.com\/de\/?s={search_term_string}"},"query-input":{"@type":"PropertyValueSpecification","valueRequired":true,"valueName":"search_term_string"}}],"inLanguage":"pl-PL"},{"@type":"Organization","@id":"https:\/\/agrikomp.com\/de\/#organization","name":"agriKomp","url":"https:\/\/agrikomp.com\/de\/","logo":{"@type":"ImageObject","inLanguage":"pl-PL","@id":"https:\/\/agrikomp.com\/de\/#\/schema\/logo\/image\/","url":"https:\/\/www.agrikomp.com\/wp-content\/uploads\/2020\/11\/150224_aKlogo-grau_quer.png","contentUrl":"https:\/\/www.agrikomp.com\/wp-content\/uploads\/2020\/11\/150224_aKlogo-grau_quer.png","width":2560,"height":455,"caption":"agriKomp"},"image":{"@id":"https:\/\/agrikomp.com\/de\/#\/schema\/logo\/image\/"},"sameAs":["https:\/\/www.facebook.com\/agriKomp.Deutschland","https:\/\/www.instagram.com\/agrikomp\/?hl=en","https:\/\/www.linkedin.com\/company\/5254243\/","https:\/\/www.youtube.com\/@AgrikompDeutschland"]},{"@type":"Person","@id":"https:\/\/agrikomp.com\/de\/#\/schema\/person\/bb577bdf4caf2feeb62064aa7e521ae5","name":"aK PL"}]}},"_links":{"self":[{"href":"https:\/\/www.agrikomp.com\/pl\/wp-json\/wp\/v2\/posts\/28653","targetHints":{"allow":["GET"]}}],"collection":[{"href":"https:\/\/www.agrikomp.com\/pl\/wp-json\/wp\/v2\/posts"}],"about":[{"href":"https:\/\/www.agrikomp.com\/pl\/wp-json\/wp\/v2\/types\/post"}],"author":[{"embeddable":true,"href":"https:\/\/www.agrikomp.com\/pl\/wp-json\/wp\/v2\/users\/11"}],"replies":[{"embeddable":true,"href":"https:\/\/www.agrikomp.com\/pl\/wp-json\/wp\/v2\/comments?post=28653"}],"version-history":[{"count":3,"href":"https:\/\/www.agrikomp.com\/pl\/wp-json\/wp\/v2\/posts\/28653\/revisions"}],"predecessor-version":[{"id":28658,"href":"https:\/\/www.agrikomp.com\/pl\/wp-json\/wp\/v2\/posts\/28653\/revisions\/28658"}],"wp:featuredmedia":[{"embeddable":true,"href":"https:\/\/www.agrikomp.com\/pl\/wp-json\/wp\/v2\/media\/19900"}],"wp:attachment":[{"href":"https:\/\/www.agrikomp.com\/pl\/wp-json\/wp\/v2\/media?parent=28653"}],"wp:term":[{"taxonomy":"category","embeddable":true,"href":"https:\/\/www.agrikomp.com\/pl\/wp-json\/wp\/v2\/categories?post=28653"},{"taxonomy":"post_tag","embeddable":true,"href":"https:\/\/www.agrikomp.com\/pl\/wp-json\/wp\/v2\/tags?post=28653"}],"curies":[{"name":"wp","href":"https:\/\/api.w.org\/{rel}","templated":true}]}}