{"id":16405,"date":"2021-11-16T14:22:30","date_gmt":"2021-11-16T14:22:30","guid":{"rendered":"https:\/\/agrikomp.com\/?p=16405"},"modified":"2022-08-23T07:56:33","modified_gmt":"2022-08-23T07:56:33","slug":"actu-portes-ouvertes-2021-11-beaudaire-pottier","status":"publish","type":"post","link":"https:\/\/www.agrikomp.com\/fr\/actu-portes-ouvertes-2021-11-beaudaire-pottier\/","title":{"rendered":"GAEC BEAUDAIRE-POTTIER  \u2758  18\/11\/2021 \u00e0 Iffendic (35)"},"content":{"rendered":"\t\t<div data-elementor-type=\"wp-post\" data-elementor-id=\"16405\" class=\"elementor elementor-16405\" data-elementor-post-type=\"post\">\n\t\t\t\t\t\t<section class=\"elementor-section elementor-top-section elementor-element elementor-element-2feefad elementor-section-height-min-height elementor-section-content-middle elementor-section-boxed elementor-section-height-default elementor-section-items-middle\" data-id=\"2feefad\" data-element_type=\"section\" data-e-type=\"section\" data-settings=\"{&quot;background_background&quot;:&quot;classic&quot;}\">\n\t\t\t\t\t\t\t<div class=\"elementor-background-overlay\"><\/div>\n\t\t\t\t\t\t\t<div class=\"elementor-container elementor-column-gap-default\">\n\t\t\t\t\t<div class=\"elementor-column elementor-col-100 elementor-top-column elementor-element elementor-element-e7167bf\" data-id=\"e7167bf\" data-element_type=\"column\" data-e-type=\"column\" data-settings=\"{&quot;background_background&quot;:&quot;classic&quot;}\">\n\t\t\t<div class=\"elementor-widget-wrap elementor-element-populated\">\n\t\t\t\t\t\t\t<\/div>\n\t\t<\/div>\n\t\t\t\t\t<\/div>\n\t\t<\/section>\n\t\t\t\t<section class=\"elementor-section elementor-top-section elementor-element elementor-element-717bf03d elementor-section-boxed elementor-section-height-default elementor-section-height-default\" data-id=\"717bf03d\" data-element_type=\"section\" data-e-type=\"section\">\n\t\t\t\t\t\t<div class=\"elementor-container elementor-column-gap-default\">\n\t\t\t\t\t<div class=\"elementor-column elementor-col-100 elementor-top-column elementor-element elementor-element-5b59dc3b\" data-id=\"5b59dc3b\" data-element_type=\"column\" data-e-type=\"column\">\n\t\t\t<div class=\"elementor-widget-wrap elementor-element-populated\">\n\t\t\t\t\t\t<div class=\"elementor-element elementor-element-58e50515 elementor-widget elementor-widget-spacer\" data-id=\"58e50515\" data-element_type=\"widget\" data-e-type=\"widget\" data-widget_type=\"spacer.default\">\n\t\t\t\t<div class=\"elementor-widget-container\">\n\t\t\t\t\t\t\t<div class=\"elementor-spacer\">\n\t\t\t<div class=\"elementor-spacer-inner\"><\/div>\n\t\t<\/div>\n\t\t\t\t\t\t<\/div>\n\t\t\t\t<\/div>\n\t\t\t\t<section class=\"elementor-section elementor-inner-section elementor-element elementor-element-33b5f162 elementor-section-boxed elementor-section-height-default elementor-section-height-default\" data-id=\"33b5f162\" data-element_type=\"section\" data-e-type=\"section\">\n\t\t\t\t\t\t<div class=\"elementor-container elementor-column-gap-wider\">\n\t\t\t\t\t<div class=\"elementor-column elementor-col-50 elementor-inner-column elementor-element elementor-element-1cb6eff9\" data-id=\"1cb6eff9\" data-element_type=\"column\" data-e-type=\"column\" data-settings=\"{&quot;background_background&quot;:&quot;gradient&quot;}\">\n\t\t\t<div class=\"elementor-widget-wrap elementor-element-populated\">\n\t\t\t\t\t\t<div class=\"elementor-element elementor-element-7e38523 elementor-widget elementor-widget-image\" data-id=\"7e38523\" data-element_type=\"widget\" data-e-type=\"widget\" data-widget_type=\"image.default\">\n\t\t\t\t<div class=\"elementor-widget-container\">\n\t\t\t\t\t\t\t\t\t\t\t\t\t\t\t\t<a href=\"https:\/\/agrikomp.com\/fr\/\">\n\t\t\t\t\t\t\t<img fetchpriority=\"high\" decoding=\"async\" width=\"300\" height=\"269\" src=\"https:\/\/www.agrikomp.com\/wp-content\/uploads\/AKFR_WEB_2111_actu-beaudaire-pottier-lely_335x300-300x269.jpg\" class=\"attachment-medium size-medium wp-image-16407\" alt=\"\" srcset=\"https:\/\/www.agrikomp.com\/wp-content\/uploads\/AKFR_WEB_2111_actu-beaudaire-pottier-lely_335x300-300x269.jpg 300w, https:\/\/www.agrikomp.com\/wp-content\/uploads\/AKFR_WEB_2111_actu-beaudaire-pottier-lely_335x300.jpg 335w\" sizes=\"(max-width: 300px) 100vw, 300px\" \/>\t\t\t\t\t\t\t\t<\/a>\n\t\t\t\t\t\t\t\t\t\t\t\t\t\t\t<\/div>\n\t\t\t\t<\/div>\n\t\t\t\t\t<\/div>\n\t\t<\/div>\n\t\t\t\t<div class=\"elementor-column elementor-col-50 elementor-inner-column elementor-element elementor-element-70d98c2f\" data-id=\"70d98c2f\" data-element_type=\"column\" data-e-type=\"column\">\n\t\t\t<div class=\"elementor-widget-wrap elementor-element-populated\">\n\t\t\t\t\t\t<div class=\"elementor-element elementor-element-f4591d9 elementor-widget elementor-widget-heading\" data-id=\"f4591d9\" data-element_type=\"widget\" data-e-type=\"widget\" data-widget_type=\"heading.default\">\n\t\t\t\t<div class=\"elementor-widget-container\">\n\t\t\t\t\t<h2 class=\"elementor-heading-title elementor-size-default\">Double Portes Ouvertes<\/h2>\t\t\t\t<\/div>\n\t\t\t\t<\/div>\n\t\t\t\t<div class=\"elementor-element elementor-element-57f39ce1 elementor-widget elementor-widget-text-editor\" data-id=\"57f39ce1\" data-element_type=\"widget\" data-e-type=\"widget\" data-widget_type=\"text-editor.default\">\n\t\t\t\t<div class=\"elementor-widget-container\">\n\t\t\t\t\t\t\t\t\t<p>Le jeudi 18 novembre, visitez le GAEC Beaudaire-Pottier \u00e0 Iffendic (35). Un \u00e9v\u00e9nement LELY !<\/p><p>Venez \u00e0 notre rencontre, nous serons ravis d\u2019\u00e9changer avec vous sur vos projets de m\u00e9thanisation !<\/p>\t\t\t\t\t\t\t\t<\/div>\n\t\t\t\t<\/div>\n\t\t\t\t\t<\/div>\n\t\t<\/div>\n\t\t\t\t\t<\/div>\n\t\t<\/section>\n\t\t\t\t<div class=\"elementor-element elementor-element-662c60d elementor-widget elementor-widget-spacer\" data-id=\"662c60d\" data-element_type=\"widget\" data-e-type=\"widget\" data-widget_type=\"spacer.default\">\n\t\t\t\t<div class=\"elementor-widget-container\">\n\t\t\t\t\t\t\t<div class=\"elementor-spacer\">\n\t\t\t<div class=\"elementor-spacer-inner\"><\/div>\n\t\t<\/div>\n\t\t\t\t\t\t<\/div>\n\t\t\t\t<\/div>\n\t\t\t\t<section class=\"elementor-section elementor-inner-section elementor-element elementor-element-317de41 elementor-section-boxed elementor-section-height-default elementor-section-height-default\" data-id=\"317de41\" data-element_type=\"section\" data-e-type=\"section\">\n\t\t\t\t\t\t<div class=\"elementor-container elementor-column-gap-default\">\n\t\t\t\t\t<div class=\"elementor-column elementor-col-50 elementor-inner-column elementor-element elementor-element-854f522\" data-id=\"854f522\" data-element_type=\"column\" data-e-type=\"column\">\n\t\t\t<div class=\"elementor-widget-wrap elementor-element-populated\">\n\t\t\t\t\t\t<div class=\"elementor-element elementor-element-6b444b7 elementor-widget elementor-widget-text-editor\" data-id=\"6b444b7\" data-element_type=\"widget\" data-e-type=\"widget\" data-widget_type=\"text-editor.default\">\n\t\t\t\t<div class=\"elementor-widget-container\">\n\t\t\t\t\t\t\t\t\t<p><i>\u00ab Valoriser notre exploitation est notre priorit\u00e9. On a commenc\u00e9 la d\u00e9marche par la mise en place d\u2019une m\u00e9thanisation sur site, et apr\u00e8s \u00e9tude aupr\u00e8s de notre partenaire bancaire, on est pass\u00e9s \u00e0 la robotisation de la traite et du nettoyage du b\u00e2timent. \u00bb<\/i><b><br \/>Arnaud et Beno\u00eet<\/b><span style=\"color: var( --e-global-color-text ); font-family: var( --e-global-typography-text-font-family ), open-sans; font-size: var( --e-global-typography-text-font-size ); font-weight: var( --e-global-typography-text-font-weight ); letter-spacing: var( --e-global-typography-text-letter-spacing );\"><br \/><\/span><\/p>\t\t\t\t\t\t\t\t<\/div>\n\t\t\t\t<\/div>\n\t\t\t\t\t<\/div>\n\t\t<\/div>\n\t\t\t\t<div class=\"elementor-column elementor-col-50 elementor-inner-column elementor-element elementor-element-5a0257f\" data-id=\"5a0257f\" data-element_type=\"column\" data-e-type=\"column\">\n\t\t\t<div class=\"elementor-widget-wrap elementor-element-populated\">\n\t\t\t\t\t\t<div class=\"elementor-element elementor-element-f3f1698 elementor-widget elementor-widget-text-editor\" data-id=\"f3f1698\" data-element_type=\"widget\" data-e-type=\"widget\" data-widget_type=\"text-editor.default\">\n\t\t\t\t<div class=\"elementor-widget-container\">\n\t\t\t\t\t\t\t\t\t<p><b><strong>\u00c0<\/strong> propos de l&#8217;exploitation : <\/b><\/p><ul><li><span style=\"color: var( --e-global-color-text ); font-family: var( --e-global-typography-text-font-family ), open-sans; font-size: var( --e-global-typography-text-font-size ); font-weight: var( --e-global-typography-text-font-weight ); letter-spacing: var( --e-global-typography-text-letter-spacing );\">2 UTH (Arnaud et Beno\u00eet)<\/span><\/li><li><span style=\"color: var( --e-global-color-text ); font-family: var( --e-global-typography-text-font-family ), open-sans; font-size: var( --e-global-typography-text-font-size ); font-weight: var( --e-global-typography-text-font-weight ); letter-spacing: var( --e-global-typography-text-letter-spacing );\">122 Ha de SAU<\/span><\/li><li><span style=\"color: var( --e-global-color-text ); font-family: var( --e-global-typography-text-font-family ), open-sans; font-size: var( --e-global-typography-text-font-size ); font-weight: var( --e-global-typography-text-font-weight ); letter-spacing: var( --e-global-typography-text-letter-spacing );\">R\u00e9f\u00e9rence laiti\u00e8re : 905 000 litres de lait<\/span><\/li><li><span style=\"color: var( --e-global-color-text ); font-family: var( --e-global-typography-text-font-family ), open-sans; font-size: var( --e-global-typography-text-font-size ); font-weight: var( --e-global-typography-text-font-weight ); letter-spacing: var( --e-global-typography-text-letter-spacing );\">80 vaches laiti\u00e8res et un atelier de 40 taurillons<\/span><\/li><li><span style=\"color: var( --e-global-color-text ); font-family: var( --e-global-typography-text-font-family ), open-sans; font-size: var( --e-global-typography-text-font-size ); font-weight: var( --e-global-typography-text-font-weight ); letter-spacing: var( --e-global-typography-text-letter-spacing );\">M\u00e9thanisation et panneaux solaires<br \/><\/span><\/li><\/ul>\t\t\t\t\t\t\t\t<\/div>\n\t\t\t\t<\/div>\n\t\t\t\t\t<\/div>\n\t\t<\/div>\n\t\t\t\t\t<\/div>\n\t\t<\/section>\n\t\t\t\t<div class=\"elementor-element elementor-element-df7821e elementor-widget elementor-widget-spacer\" data-id=\"df7821e\" data-element_type=\"widget\" data-e-type=\"widget\" data-widget_type=\"spacer.default\">\n\t\t\t\t<div class=\"elementor-widget-container\">\n\t\t\t\t\t\t\t<div class=\"elementor-spacer\">\n\t\t\t<div class=\"elementor-spacer-inner\"><\/div>\n\t\t<\/div>\n\t\t\t\t\t\t<\/div>\n\t\t\t\t<\/div>\n\t\t\t\t\t<\/div>\n\t\t<\/div>\n\t\t\t\t\t<\/div>\n\t\t<\/section>\n\t\t\t\t<section class=\"elementor-section elementor-top-section elementor-element elementor-element-68aea47 elementor-section-boxed elementor-section-height-default elementor-section-height-default\" data-id=\"68aea47\" data-element_type=\"section\" data-e-type=\"section\">\n\t\t\t\t\t\t<div class=\"elementor-container elementor-column-gap-default\">\n\t\t\t\t\t<div class=\"elementor-column elementor-col-100 elementor-top-column elementor-element elementor-element-404e5bc\" data-id=\"404e5bc\" data-element_type=\"column\" data-e-type=\"column\" data-settings=\"{&quot;background_background&quot;:&quot;classic&quot;}\">\n\t\t\t<div class=\"elementor-widget-wrap elementor-element-populated\">\n\t\t\t\t\t\t<div class=\"elementor-element elementor-element-4791a29 elementor-widget elementor-widget-spacer\" data-id=\"4791a29\" data-element_type=\"widget\" data-e-type=\"widget\" data-widget_type=\"spacer.default\">\n\t\t\t\t<div class=\"elementor-widget-container\">\n\t\t\t\t\t\t\t<div class=\"elementor-spacer\">\n\t\t\t<div class=\"elementor-spacer-inner\"><\/div>\n\t\t<\/div>\n\t\t\t\t\t\t<\/div>\n\t\t\t\t<\/div>\n\t\t\t\t<div class=\"elementor-element elementor-element-bb48c98 elementor-widget__width-inherit elementor-widget elementor-widget-heading\" data-id=\"bb48c98\" data-element_type=\"widget\" data-e-type=\"widget\" data-widget_type=\"heading.default\">\n\t\t\t\t<div class=\"elementor-widget-container\">\n\t\t\t\t\t<h2 class=\"elementor-heading-title elementor-size-default\">jeudi 18\/11\/2021<\/h2>\t\t\t\t<\/div>\n\t\t\t\t<\/div>\n\t\t\t\t<div class=\"elementor-element elementor-element-56c61cb elementor-widget elementor-widget-heading\" data-id=\"56c61cb\" data-element_type=\"widget\" data-e-type=\"widget\" data-widget_type=\"heading.default\">\n\t\t\t\t<div class=\"elementor-widget-container\">\n\t\t\t\t\t<h2 class=\"elementor-heading-title elementor-size-default\">portes ouvertes \u00e0 la ferme<\/h2>\t\t\t\t<\/div>\n\t\t\t\t<\/div>\n\t\t\t\t<div class=\"elementor-element elementor-element-2907d9d elementor-widget elementor-widget-spacer\" data-id=\"2907d9d\" data-element_type=\"widget\" data-e-type=\"widget\" data-widget_type=\"spacer.default\">\n\t\t\t\t<div class=\"elementor-widget-container\">\n\t\t\t\t\t\t\t<div class=\"elementor-spacer\">\n\t\t\t<div class=\"elementor-spacer-inner\"><\/div>\n\t\t<\/div>\n\t\t\t\t\t\t<\/div>\n\t\t\t\t<\/div>\n\t\t\t\t\t<\/div>\n\t\t<\/div>\n\t\t\t\t\t<\/div>\n\t\t<\/section>\n\t\t\t\t<section class=\"elementor-section elementor-top-section elementor-element elementor-element-6554dd2 elementor-section-boxed elementor-section-height-default elementor-section-height-default\" data-id=\"6554dd2\" data-element_type=\"section\" data-e-type=\"section\">\n\t\t\t\t\t\t<div class=\"elementor-container elementor-column-gap-default\">\n\t\t\t\t\t<div class=\"elementor-column elementor-col-100 elementor-top-column elementor-element elementor-element-f5ed61a\" data-id=\"f5ed61a\" data-element_type=\"column\" data-e-type=\"column\">\n\t\t\t<div class=\"elementor-widget-wrap elementor-element-populated\">\n\t\t\t\t\t\t<div class=\"elementor-element elementor-element-c76c091 elementor-widget elementor-widget-spacer\" data-id=\"c76c091\" data-element_type=\"widget\" data-e-type=\"widget\" data-widget_type=\"spacer.default\">\n\t\t\t\t<div class=\"elementor-widget-container\">\n\t\t\t\t\t\t\t<div class=\"elementor-spacer\">\n\t\t\t<div class=\"elementor-spacer-inner\"><\/div>\n\t\t<\/div>\n\t\t\t\t\t\t<\/div>\n\t\t\t\t<\/div>\n\t\t\t\t<div class=\"elementor-element elementor-element-d4d68f0 elementor-widget elementor-widget-heading\" data-id=\"d4d68f0\" data-element_type=\"widget\" data-e-type=\"widget\" data-widget_type=\"heading.default\">\n\t\t\t\t<div class=\"elementor-widget-container\">\n\t\t\t\t\t<h2 class=\"elementor-heading-title elementor-size-xl\">Infos utiles<\/h2>\t\t\t\t<\/div>\n\t\t\t\t<\/div>\n\t\t\t\t<div class=\"elementor-element elementor-element-c582b9f elementor-widget elementor-widget-spacer\" data-id=\"c582b9f\" data-element_type=\"widget\" data-e-type=\"widget\" data-widget_type=\"spacer.default\">\n\t\t\t\t<div class=\"elementor-widget-container\">\n\t\t\t\t\t\t\t<div class=\"elementor-spacer\">\n\t\t\t<div class=\"elementor-spacer-inner\"><\/div>\n\t\t<\/div>\n\t\t\t\t\t\t<\/div>\n\t\t\t\t<\/div>\n\t\t\t\t\t<\/div>\n\t\t<\/div>\n\t\t\t\t\t<\/div>\n\t\t<\/section>\n\t\t\t\t<section class=\"elementor-section elementor-top-section elementor-element elementor-element-e4c07f3 elementor-section-boxed elementor-section-height-default elementor-section-height-default\" data-id=\"e4c07f3\" data-element_type=\"section\" data-e-type=\"section\">\n\t\t\t\t\t\t<div class=\"elementor-container elementor-column-gap-default\">\n\t\t\t\t\t<div class=\"elementor-column elementor-col-50 elementor-top-column elementor-element elementor-element-bef307c\" data-id=\"bef307c\" data-element_type=\"column\" data-e-type=\"column\">\n\t\t\t<div class=\"elementor-widget-wrap elementor-element-populated\">\n\t\t\t\t\t\t<div class=\"elementor-element elementor-element-4c9fe717 elementor-widget elementor-widget-text-editor\" data-id=\"4c9fe717\" data-element_type=\"widget\" data-e-type=\"widget\" data-widget_type=\"text-editor.default\">\n\t\t\t\t<div class=\"elementor-widget-container\">\n\t\t\t\t\t\t\t\t\t<p>Date : jeudi 18 novembre 2021<\/p><p>Lieu : Lieu-dit La Hamelinais | 35750 IFFENDIC<\/p><p><a href=\"https:\/\/agrikomp.com\/wp-content\/uploads\/Invitation-PO-Iffendic-18-11-2021.pdf\" target=\"_blank\" rel=\"noopener\">Plaquette de l&#8217;\u00e9v\u00e9nement<\/a><\/p><p>\u2705 Pour en savoir plus, <b>contactez votre Lely Center<\/b> de Bain de Bretagne au 02 23 31 22 26<\/p><h6>\u00a0<\/h6><h6><em>Pass sanitaire demand\u00e9.<\/em><\/h6><h6><em>Tous les participants (visiteurs, exposants, personnel organisateur et prestataires sur place) s&#8217;engagent \u00e0 respecter les r\u00e8gles \u00e9mises par les organisateurs. <br \/>Par exemple, ils peuvent \u00eatre tenus de porter des masques faciaux, d&#8217;utiliser les distributeurs de gel hydroalcoolique disponibles, de respecter les r\u00e8gles de distanciation et de respecter toutes les autres stipulations sanitaires et d&#8217;hygi\u00e8ne fournies sur place.<\/em><\/h6>\t\t\t\t\t\t\t\t<\/div>\n\t\t\t\t<\/div>\n\t\t\t\t\t<\/div>\n\t\t<\/div>\n\t\t\t\t<div class=\"elementor-column elementor-col-50 elementor-top-column elementor-element elementor-element-c2d283e\" data-id=\"c2d283e\" data-element_type=\"column\" data-e-type=\"column\">\n\t\t\t<div class=\"elementor-widget-wrap elementor-element-populated\">\n\t\t\t\t\t\t<div class=\"elementor-element elementor-element-e43abf7 elementor-widget elementor-widget-google_maps\" data-id=\"e43abf7\" data-element_type=\"widget\" data-e-type=\"widget\" data-widget_type=\"google_maps.default\">\n\t\t\t\t<div class=\"elementor-widget-container\">\n\t\t\t\t\t\t\t<div class=\"elementor-custom-embed\">\n\t\t\t <div class=\"brlbs-cmpnt-container brlbs-cmpnt-content-blocker brlbs-cmpnt-with-individual-styles\" data-borlabs-cookie-content-blocker-id=\"google-maps\" data-borlabs-cookie-content=\"PGlmcmFtZSBsb2FkaW5nPSJsYXp5IgoJCQkJCXNyYz0iaHR0cHM6Ly9tYXBzLmdvb2dsZS5jb20vbWFwcz9xPWxpZXUlMjBkaXQlMjBsYSUyMGhhbWVsaW5haXMlMjAzNTc1MCUyMGlmZmVuZGljJiMwMzg7dD1tJiMwMzg7ej0xMCYjMDM4O291dHB1dD1lbWJlZCYjMDM4O2l3bG9jPW5lYXIiCgkJCQkJdGl0bGU9ImxpZXUgZGl0IGxhIGhhbWVsaW5haXMgMzU3NTAgaWZmZW5kaWMiCgkJCQkJYXJpYS1sYWJlbD0ibGlldSBkaXQgbGEgaGFtZWxpbmFpcyAzNTc1MCBpZmZlbmRpYyIKCQkJPjwvaWZyYW1lPg==\"><div class=\"brlbs-cmpnt-cb-preset-b brlbs-cmpnt-cb-google-maps\"> <div class=\"brlbs-cmpnt-cb-thumbnail\" style=\"background-image: url('https:\/\/www.agrikomp.com\/wp-content\/uploads\/borlabs-cookie\/1\/brlbs-cb-google-maps-main.png')\"><\/div> <div class=\"brlbs-cmpnt-cb-main\"> <div class=\"brlbs-cmpnt-cb-content\"> <p class=\"brlbs-cmpnt-cb-description\">Vous \u00eates actuellement en train de consulter le contenu d'un espace r\u00e9serv\u00e9 de <strong>Google Maps<\/strong>. Pour acc\u00e9der au contenu r\u00e9el, cliquez sur le bouton ci-dessous. Veuillez noter que ce faisant, des donn\u00e9es seront partag\u00e9es avec des providers tiers.<\/p> <a class=\"brlbs-cmpnt-cb-provider-toggle\" href=\"#\" data-borlabs-cookie-show-provider-information role=\"button\">Plus d'informations<\/a> <\/div> <div class=\"brlbs-cmpnt-cb-buttons\"> <a class=\"brlbs-cmpnt-cb-btn\" href=\"#\" data-borlabs-cookie-unblock role=\"button\">D\u00e9bloquer le contenu<\/a> <a class=\"brlbs-cmpnt-cb-btn\" href=\"#\" data-borlabs-cookie-accept-service role=\"button\" style=\"display: inherit\">Accepter le service requis et d\u00e9bloquer les contenus<\/a> <\/div> <\/div> <\/div><\/div>\n\t\t<\/div>\n\t\t\t\t\t\t<\/div>\n\t\t\t\t<\/div>\n\t\t\t\t\t<\/div>\n\t\t<\/div>\n\t\t\t\t\t<\/div>\n\t\t<\/section>\n\t\t\t\t<section class=\"elementor-section elementor-top-section elementor-element elementor-element-d4e5239 elementor-section-boxed elementor-section-height-default elementor-section-height-default\" data-id=\"d4e5239\" data-element_type=\"section\" data-e-type=\"section\">\n\t\t\t\t\t\t<div class=\"elementor-container elementor-column-gap-default\">\n\t\t\t\t\t<div class=\"elementor-column elementor-col-100 elementor-top-column elementor-element elementor-element-01c491a\" data-id=\"01c491a\" data-element_type=\"column\" data-e-type=\"column\">\n\t\t\t<div class=\"elementor-widget-wrap elementor-element-populated\">\n\t\t\t\t\t\t<div class=\"elementor-element elementor-element-5a11b85 elementor-widget elementor-widget-spacer\" data-id=\"5a11b85\" data-element_type=\"widget\" data-e-type=\"widget\" data-widget_type=\"spacer.default\">\n\t\t\t\t<div class=\"elementor-widget-container\">\n\t\t\t\t\t\t\t<div class=\"elementor-spacer\">\n\t\t\t<div class=\"elementor-spacer-inner\"><\/div>\n\t\t<\/div>\n\t\t\t\t\t\t<\/div>\n\t\t\t\t<\/div>\n\t\t\t\t\t<\/div>\n\t\t<\/div>\n\t\t\t\t\t<\/div>\n\t\t<\/section>\n\t\t\t\t<section class=\"elementor-section elementor-top-section elementor-element elementor-element-b330243 elementor-section-boxed elementor-section-height-default elementor-section-height-default\" data-id=\"b330243\" data-element_type=\"section\" data-e-type=\"section\">\n\t\t\t\t\t\t<div class=\"elementor-container elementor-column-gap-default\">\n\t\t\t\t\t<div class=\"elementor-column elementor-col-100 elementor-top-column elementor-element elementor-element-6446ff5\" data-id=\"6446ff5\" data-element_type=\"column\" data-e-type=\"column\">\n\t\t\t<div class=\"elementor-widget-wrap elementor-element-populated\">\n\t\t\t\t\t\t<div class=\"elementor-element elementor-element-8eb4747 elementor-widget elementor-widget-text-editor\" data-id=\"8eb4747\" data-element_type=\"widget\" data-e-type=\"widget\" data-widget_type=\"text-editor.default\">\n\t\t\t\t<div class=\"elementor-widget-container\">\n\t\t\t\t\t\t\t\t\t<p>Lors de ce salon, vous aurez l&#8217;occasion de discuter avec notre <strong>technico-commercial breton, Sylvain, notre service<\/strong> <strong>marketing et communication<\/strong>, <strong>et notre bureau d&#8217;\u00e9tudes<\/strong> !<\/p>\t\t\t\t\t\t\t\t<\/div>\n\t\t\t\t<\/div>\n\t\t\t\t<div class=\"elementor-element elementor-element-36f8b6e elementor-widget elementor-widget-spacer\" data-id=\"36f8b6e\" data-element_type=\"widget\" data-e-type=\"widget\" data-widget_type=\"spacer.default\">\n\t\t\t\t<div class=\"elementor-widget-container\">\n\t\t\t\t\t\t\t<div class=\"elementor-spacer\">\n\t\t\t<div class=\"elementor-spacer-inner\"><\/div>\n\t\t<\/div>\n\t\t\t\t\t\t<\/div>\n\t\t\t\t<\/div>\n\t\t\t\t\t<\/div>\n\t\t<\/div>\n\t\t\t\t\t<\/div>\n\t\t<\/section>\n\t\t\t\t<section class=\"elementor-section elementor-top-section elementor-element elementor-element-152cca2 elementor-section-boxed elementor-section-height-default elementor-section-height-default\" data-id=\"152cca2\" data-element_type=\"section\" data-e-type=\"section\" data-settings=\"{&quot;background_background&quot;:&quot;classic&quot;}\">\n\t\t\t\t\t\t<div class=\"elementor-container elementor-column-gap-default\">\n\t\t\t\t\t<div class=\"elementor-column elementor-col-100 elementor-top-column elementor-element elementor-element-d63fb6a\" data-id=\"d63fb6a\" data-element_type=\"column\" data-e-type=\"column\">\n\t\t\t<div class=\"elementor-widget-wrap elementor-element-populated\">\n\t\t\t\t\t\t<div class=\"elementor-element elementor-element-ffada72 elementor-widget elementor-widget-spacer\" data-id=\"ffada72\" data-element_type=\"widget\" data-e-type=\"widget\" data-widget_type=\"spacer.default\">\n\t\t\t\t<div class=\"elementor-widget-container\">\n\t\t\t\t\t\t\t<div class=\"elementor-spacer\">\n\t\t\t<div class=\"elementor-spacer-inner\"><\/div>\n\t\t<\/div>\n\t\t\t\t\t\t<\/div>\n\t\t\t\t<\/div>\n\t\t\t\t<div class=\"elementor-element elementor-element-64e4ca8 elementor-widget elementor-widget-heading\" data-id=\"64e4ca8\" data-element_type=\"widget\" data-e-type=\"widget\" data-widget_type=\"heading.default\">\n\t\t\t\t<div class=\"elementor-widget-container\">\n\t\t\t\t\t<h2 class=\"elementor-heading-title elementor-size-default\">Retrouvez toutes nos actualit\u00e9s ici :<\/h2>\t\t\t\t<\/div>\n\t\t\t\t<\/div>\n\t\t\t\t<div class=\"elementor-element elementor-element-d502507 elementor-align-center elementor-widget elementor-widget-button\" data-id=\"d502507\" data-element_type=\"widget\" data-e-type=\"widget\" data-widget_type=\"button.default\">\n\t\t\t\t<div class=\"elementor-widget-container\">\n\t\t\t\t\t\t\t\t\t<div class=\"elementor-button-wrapper\">\n\t\t\t\t\t<a class=\"elementor-button elementor-button-link elementor-size-md\" href=\"https:\/\/agrikomp.com\/fr\/vous-et-nous\/le-saviez-vous\/\">\n\t\t\t\t\t\t<span class=\"elementor-button-content-wrapper\">\n\t\t\t\t\t\t\t\t\t<span class=\"elementor-button-text\">L'ACTU AGRIKOMP <\/span>\n\t\t\t\t\t<\/span>\n\t\t\t\t\t<\/a>\n\t\t\t\t<\/div>\n\t\t\t\t\t\t\t\t<\/div>\n\t\t\t\t<\/div>\n\t\t\t\t<div class=\"elementor-element elementor-element-16bbdc0 elementor-widget elementor-widget-spacer\" data-id=\"16bbdc0\" data-element_type=\"widget\" data-e-type=\"widget\" data-widget_type=\"spacer.default\">\n\t\t\t\t<div class=\"elementor-widget-container\">\n\t\t\t\t\t\t\t<div class=\"elementor-spacer\">\n\t\t\t<div class=\"elementor-spacer-inner\"><\/div>\n\t\t<\/div>\n\t\t\t\t\t\t<\/div>\n\t\t\t\t<\/div>\n\t\t\t\t\t<\/div>\n\t\t<\/div>\n\t\t\t\t\t<\/div>\n\t\t<\/section>\n\t\t\t\t<\/div>\n\t\t","protected":false},"excerpt":{"rendered":"<p>Double Portes Ouvertes Le jeudi 18 novembre, visitez le GAEC Beaudaire-Pottier \u00e0 Iffendic (35). Un \u00e9v\u00e9nement LELY ! Venez \u00e0 notre rencontre, nous serons ravis d\u2019\u00e9changer avec vous sur vos projets de m\u00e9thanisation ! \u00ab Valoriser notre exploitation est notre priorit\u00e9. On a commenc\u00e9 la d\u00e9marche par la mise en place d\u2019une m\u00e9thanisation sur site, [&hellip;]<\/p>\n","protected":false},"author":6,"featured_media":16407,"comment_status":"closed","ping_status":"closed","sticky":false,"template":"","format":"standard","meta":{"footnotes":""},"categories":[216],"tags":[],"class_list":["post-16405","post","type-post","status-publish","format-standard","has-post-thumbnail","hentry","category-evenements"],"yoast_head":"<!-- This site is optimized with the Yoast SEO Premium plugin v27.4 (Yoast SEO v27.4) - https:\/\/yoast.com\/product\/yoast-seo-premium-wordpress\/ -->\n<title>Portes Ouvertes GAEC BEAUDAIRE-POTTIER \u2758 18\/11\/2021 \u00e0 Iffendic (35)<\/title>\n<meta name=\"description\" content=\"Profitez de cette double Portes Ouvertes LELY pour d\u00e9couvrir l&#039;exploitation agricole et la m\u00e9thanisation, le 18 novembre prochain!\" \/>\n<meta name=\"robots\" content=\"index, follow, max-snippet:-1, max-image-preview:large, max-video-preview:-1\" \/>\n<link rel=\"canonical\" href=\"https:\/\/www.agrikomp.com\/fr\/actu-portes-ouvertes-2021-11-beaudaire-pottier\/\" \/>\n<meta property=\"og:locale\" content=\"fr_FR\" \/>\n<meta property=\"og:type\" content=\"article\" \/>\n<meta property=\"og:title\" content=\"GAEC BEAUDAIRE-POTTIER \u2758 18\/11\/2021 \u00e0 Iffendic (35)\" \/>\n<meta property=\"og:description\" content=\"Profitez de cette double Portes Ouvertes LELY pour d\u00e9couvrir l&#039;exploitation agricole et la m\u00e9thanisation, le 18 novembre prochain!\" \/>\n<meta property=\"og:url\" content=\"https:\/\/www.agrikomp.com\/fr\/actu-portes-ouvertes-2021-11-beaudaire-pottier\/\" \/>\n<meta property=\"og:site_name\" content=\"agriKomp GmbH\" \/>\n<meta property=\"article:publisher\" content=\"https:\/\/www.facebook.com\/agriKomp.Deutschland\" \/>\n<meta property=\"article:published_time\" content=\"2021-11-16T14:22:30+00:00\" \/>\n<meta property=\"article:modified_time\" content=\"2022-08-23T07:56:33+00:00\" \/>\n<meta property=\"og:image\" content=\"https:\/\/www.agrikomp.com\/wp-content\/uploads\/AKFR_WEB_2111_actu-beaudaire-pottier-lely_335x300.jpg\" \/>\n\t<meta property=\"og:image:width\" content=\"335\" \/>\n\t<meta property=\"og:image:height\" content=\"300\" \/>\n\t<meta property=\"og:image:type\" content=\"image\/jpeg\" \/>\n<meta name=\"author\" content=\"Marketing France\" \/>\n<meta name=\"twitter:card\" content=\"summary_large_image\" \/>\n<meta name=\"twitter:label1\" content=\"\u00c9crit par\" \/>\n\t<meta name=\"twitter:data1\" content=\"Marketing France\" \/>\n\t<meta name=\"twitter:label2\" content=\"Dur\u00e9e de lecture estim\u00e9e\" \/>\n\t<meta name=\"twitter:data2\" content=\"2 minutes\" \/>\n<script type=\"application\/ld+json\" class=\"yoast-schema-graph\">{\"@context\":\"https:\\\/\\\/schema.org\",\"@graph\":[{\"@type\":\"Article\",\"@id\":\"https:\\\/\\\/www.agrikomp.com\\\/fr\\\/actu-portes-ouvertes-2021-11-beaudaire-pottier\\\/#article\",\"isPartOf\":{\"@id\":\"https:\\\/\\\/www.agrikomp.com\\\/fr\\\/actu-portes-ouvertes-2021-11-beaudaire-pottier\\\/\"},\"author\":{\"name\":\"Marketing France\",\"@id\":\"https:\\\/\\\/agrikomp.com\\\/de\\\/#\\\/schema\\\/person\\\/21a6b039c11b2366d4f9010240d5e880\"},\"headline\":\"GAEC BEAUDAIRE-POTTIER \u2758 18\\\/11\\\/2021 \u00e0 Iffendic (35)\",\"datePublished\":\"2021-11-16T14:22:30+00:00\",\"dateModified\":\"2022-08-23T07:56:33+00:00\",\"mainEntityOfPage\":{\"@id\":\"https:\\\/\\\/www.agrikomp.com\\\/fr\\\/actu-portes-ouvertes-2021-11-beaudaire-pottier\\\/\"},\"wordCount\":251,\"publisher\":{\"@id\":\"https:\\\/\\\/agrikomp.com\\\/de\\\/#organization\"},\"image\":{\"@id\":\"https:\\\/\\\/www.agrikomp.com\\\/fr\\\/actu-portes-ouvertes-2021-11-beaudaire-pottier\\\/#primaryimage\"},\"thumbnailUrl\":\"https:\\\/\\\/www.agrikomp.com\\\/wp-content\\\/uploads\\\/AKFR_WEB_2111_actu-beaudaire-pottier-lely_335x300.jpg\",\"articleSection\":[\"Ev\u00e9nements\"],\"inLanguage\":\"fr-FR\"},{\"@type\":\"WebPage\",\"@id\":\"https:\\\/\\\/www.agrikomp.com\\\/fr\\\/actu-portes-ouvertes-2021-11-beaudaire-pottier\\\/\",\"url\":\"https:\\\/\\\/www.agrikomp.com\\\/fr\\\/actu-portes-ouvertes-2021-11-beaudaire-pottier\\\/\",\"name\":\"Portes Ouvertes GAEC BEAUDAIRE-POTTIER \u2758 18\\\/11\\\/2021 \u00e0 Iffendic (35)\",\"isPartOf\":{\"@id\":\"https:\\\/\\\/agrikomp.com\\\/de\\\/#website\"},\"primaryImageOfPage\":{\"@id\":\"https:\\\/\\\/www.agrikomp.com\\\/fr\\\/actu-portes-ouvertes-2021-11-beaudaire-pottier\\\/#primaryimage\"},\"image\":{\"@id\":\"https:\\\/\\\/www.agrikomp.com\\\/fr\\\/actu-portes-ouvertes-2021-11-beaudaire-pottier\\\/#primaryimage\"},\"thumbnailUrl\":\"https:\\\/\\\/www.agrikomp.com\\\/wp-content\\\/uploads\\\/AKFR_WEB_2111_actu-beaudaire-pottier-lely_335x300.jpg\",\"datePublished\":\"2021-11-16T14:22:30+00:00\",\"dateModified\":\"2022-08-23T07:56:33+00:00\",\"description\":\"Profitez de cette double Portes Ouvertes LELY pour d\u00e9couvrir l'exploitation agricole et la m\u00e9thanisation, le 18 novembre prochain!\",\"breadcrumb\":{\"@id\":\"https:\\\/\\\/www.agrikomp.com\\\/fr\\\/actu-portes-ouvertes-2021-11-beaudaire-pottier\\\/#breadcrumb\"},\"inLanguage\":\"fr-FR\",\"potentialAction\":[{\"@type\":\"ReadAction\",\"target\":[\"https:\\\/\\\/www.agrikomp.com\\\/fr\\\/actu-portes-ouvertes-2021-11-beaudaire-pottier\\\/\"]}]},{\"@type\":\"ImageObject\",\"inLanguage\":\"fr-FR\",\"@id\":\"https:\\\/\\\/www.agrikomp.com\\\/fr\\\/actu-portes-ouvertes-2021-11-beaudaire-pottier\\\/#primaryimage\",\"url\":\"https:\\\/\\\/www.agrikomp.com\\\/wp-content\\\/uploads\\\/AKFR_WEB_2111_actu-beaudaire-pottier-lely_335x300.jpg\",\"contentUrl\":\"https:\\\/\\\/www.agrikomp.com\\\/wp-content\\\/uploads\\\/AKFR_WEB_2111_actu-beaudaire-pottier-lely_335x300.jpg\",\"width\":335,\"height\":300},{\"@type\":\"BreadcrumbList\",\"@id\":\"https:\\\/\\\/www.agrikomp.com\\\/fr\\\/actu-portes-ouvertes-2021-11-beaudaire-pottier\\\/#breadcrumb\",\"itemListElement\":[{\"@type\":\"ListItem\",\"position\":1,\"name\":\"Accueil\",\"item\":\"https:\\\/\\\/www.agrikomp.com\\\/fr\\\/\"},{\"@type\":\"ListItem\",\"position\":2,\"name\":\"Ev\u00e9nements\",\"item\":\"https:\\\/\\\/www.agrikomp.com\\\/fr\\\/category\\\/evenements\\\/\"},{\"@type\":\"ListItem\",\"position\":3,\"name\":\"GAEC BEAUDAIRE-POTTIER \u2758 18\\\/11\\\/2021 \u00e0 Iffendic (35)\"}]},{\"@type\":\"WebSite\",\"@id\":\"https:\\\/\\\/agrikomp.com\\\/de\\\/#website\",\"url\":\"https:\\\/\\\/agrikomp.com\\\/de\\\/\",\"name\":\"agriKomp GmbH\",\"description\":\"Biogasanlagen und Biogastechnik wie sie gebraucht wird\",\"publisher\":{\"@id\":\"https:\\\/\\\/agrikomp.com\\\/de\\\/#organization\"},\"potentialAction\":[{\"@type\":\"SearchAction\",\"target\":{\"@type\":\"EntryPoint\",\"urlTemplate\":\"https:\\\/\\\/agrikomp.com\\\/de\\\/?s={search_term_string}\"},\"query-input\":{\"@type\":\"PropertyValueSpecification\",\"valueRequired\":true,\"valueName\":\"search_term_string\"}}],\"inLanguage\":\"fr-FR\"},{\"@type\":\"Organization\",\"@id\":\"https:\\\/\\\/agrikomp.com\\\/de\\\/#organization\",\"name\":\"agriKomp\",\"url\":\"https:\\\/\\\/agrikomp.com\\\/de\\\/\",\"logo\":{\"@type\":\"ImageObject\",\"inLanguage\":\"fr-FR\",\"@id\":\"https:\\\/\\\/agrikomp.com\\\/de\\\/#\\\/schema\\\/logo\\\/image\\\/\",\"url\":\"https:\\\/\\\/www.agrikomp.com\\\/wp-content\\\/uploads\\\/2020\\\/11\\\/150224_aKlogo-grau_quer.png\",\"contentUrl\":\"https:\\\/\\\/www.agrikomp.com\\\/wp-content\\\/uploads\\\/2020\\\/11\\\/150224_aKlogo-grau_quer.png\",\"width\":2712,\"height\":482,\"caption\":\"agriKomp\"},\"image\":{\"@id\":\"https:\\\/\\\/agrikomp.com\\\/de\\\/#\\\/schema\\\/logo\\\/image\\\/\"},\"sameAs\":[\"https:\\\/\\\/www.facebook.com\\\/agriKomp.Deutschland\",\"https:\\\/\\\/www.instagram.com\\\/agrikomp\\\/?hl=en\",\"https:\\\/\\\/www.linkedin.com\\\/company\\\/5254243\\\/\",\"https:\\\/\\\/www.youtube.com\\\/@AgrikompDeutschland\"]},{\"@type\":\"Person\",\"@id\":\"https:\\\/\\\/agrikomp.com\\\/de\\\/#\\\/schema\\\/person\\\/21a6b039c11b2366d4f9010240d5e880\",\"name\":\"Marketing France\"}]}<\/script>\n<!-- \/ Yoast SEO Premium plugin. -->","yoast_head_json":{"title":"Portes Ouvertes GAEC BEAUDAIRE-POTTIER \u2758 18\/11\/2021 \u00e0 Iffendic (35)","description":"Profitez de cette double Portes Ouvertes LELY pour d\u00e9couvrir l'exploitation agricole et la m\u00e9thanisation, le 18 novembre prochain!","robots":{"index":"index","follow":"follow","max-snippet":"max-snippet:-1","max-image-preview":"max-image-preview:large","max-video-preview":"max-video-preview:-1"},"canonical":"https:\/\/www.agrikomp.com\/fr\/actu-portes-ouvertes-2021-11-beaudaire-pottier\/","og_locale":"fr_FR","og_type":"article","og_title":"GAEC BEAUDAIRE-POTTIER \u2758 18\/11\/2021 \u00e0 Iffendic (35)","og_description":"Profitez de cette double Portes Ouvertes LELY pour d\u00e9couvrir l'exploitation agricole et la m\u00e9thanisation, le 18 novembre prochain!","og_url":"https:\/\/www.agrikomp.com\/fr\/actu-portes-ouvertes-2021-11-beaudaire-pottier\/","og_site_name":"agriKomp GmbH","article_publisher":"https:\/\/www.facebook.com\/agriKomp.Deutschland","article_published_time":"2021-11-16T14:22:30+00:00","article_modified_time":"2022-08-23T07:56:33+00:00","og_image":[{"width":335,"height":300,"url":"https:\/\/www.agrikomp.com\/wp-content\/uploads\/AKFR_WEB_2111_actu-beaudaire-pottier-lely_335x300.jpg","type":"image\/jpeg"}],"author":"Marketing France","twitter_card":"summary_large_image","twitter_misc":{"\u00c9crit par":"Marketing France","Dur\u00e9e de lecture estim\u00e9e":"2 minutes"},"schema":{"@context":"https:\/\/schema.org","@graph":[{"@type":"Article","@id":"https:\/\/www.agrikomp.com\/fr\/actu-portes-ouvertes-2021-11-beaudaire-pottier\/#article","isPartOf":{"@id":"https:\/\/www.agrikomp.com\/fr\/actu-portes-ouvertes-2021-11-beaudaire-pottier\/"},"author":{"name":"Marketing France","@id":"https:\/\/agrikomp.com\/de\/#\/schema\/person\/21a6b039c11b2366d4f9010240d5e880"},"headline":"GAEC BEAUDAIRE-POTTIER \u2758 18\/11\/2021 \u00e0 Iffendic (35)","datePublished":"2021-11-16T14:22:30+00:00","dateModified":"2022-08-23T07:56:33+00:00","mainEntityOfPage":{"@id":"https:\/\/www.agrikomp.com\/fr\/actu-portes-ouvertes-2021-11-beaudaire-pottier\/"},"wordCount":251,"publisher":{"@id":"https:\/\/agrikomp.com\/de\/#organization"},"image":{"@id":"https:\/\/www.agrikomp.com\/fr\/actu-portes-ouvertes-2021-11-beaudaire-pottier\/#primaryimage"},"thumbnailUrl":"https:\/\/www.agrikomp.com\/wp-content\/uploads\/AKFR_WEB_2111_actu-beaudaire-pottier-lely_335x300.jpg","articleSection":["Ev\u00e9nements"],"inLanguage":"fr-FR"},{"@type":"WebPage","@id":"https:\/\/www.agrikomp.com\/fr\/actu-portes-ouvertes-2021-11-beaudaire-pottier\/","url":"https:\/\/www.agrikomp.com\/fr\/actu-portes-ouvertes-2021-11-beaudaire-pottier\/","name":"Portes Ouvertes GAEC BEAUDAIRE-POTTIER \u2758 18\/11\/2021 \u00e0 Iffendic (35)","isPartOf":{"@id":"https:\/\/agrikomp.com\/de\/#website"},"primaryImageOfPage":{"@id":"https:\/\/www.agrikomp.com\/fr\/actu-portes-ouvertes-2021-11-beaudaire-pottier\/#primaryimage"},"image":{"@id":"https:\/\/www.agrikomp.com\/fr\/actu-portes-ouvertes-2021-11-beaudaire-pottier\/#primaryimage"},"thumbnailUrl":"https:\/\/www.agrikomp.com\/wp-content\/uploads\/AKFR_WEB_2111_actu-beaudaire-pottier-lely_335x300.jpg","datePublished":"2021-11-16T14:22:30+00:00","dateModified":"2022-08-23T07:56:33+00:00","description":"Profitez de cette double Portes Ouvertes LELY pour d\u00e9couvrir l'exploitation agricole et la m\u00e9thanisation, le 18 novembre prochain!","breadcrumb":{"@id":"https:\/\/www.agrikomp.com\/fr\/actu-portes-ouvertes-2021-11-beaudaire-pottier\/#breadcrumb"},"inLanguage":"fr-FR","potentialAction":[{"@type":"ReadAction","target":["https:\/\/www.agrikomp.com\/fr\/actu-portes-ouvertes-2021-11-beaudaire-pottier\/"]}]},{"@type":"ImageObject","inLanguage":"fr-FR","@id":"https:\/\/www.agrikomp.com\/fr\/actu-portes-ouvertes-2021-11-beaudaire-pottier\/#primaryimage","url":"https:\/\/www.agrikomp.com\/wp-content\/uploads\/AKFR_WEB_2111_actu-beaudaire-pottier-lely_335x300.jpg","contentUrl":"https:\/\/www.agrikomp.com\/wp-content\/uploads\/AKFR_WEB_2111_actu-beaudaire-pottier-lely_335x300.jpg","width":335,"height":300},{"@type":"BreadcrumbList","@id":"https:\/\/www.agrikomp.com\/fr\/actu-portes-ouvertes-2021-11-beaudaire-pottier\/#breadcrumb","itemListElement":[{"@type":"ListItem","position":1,"name":"Accueil","item":"https:\/\/www.agrikomp.com\/fr\/"},{"@type":"ListItem","position":2,"name":"Ev\u00e9nements","item":"https:\/\/www.agrikomp.com\/fr\/category\/evenements\/"},{"@type":"ListItem","position":3,"name":"GAEC BEAUDAIRE-POTTIER \u2758 18\/11\/2021 \u00e0 Iffendic (35)"}]},{"@type":"WebSite","@id":"https:\/\/agrikomp.com\/de\/#website","url":"https:\/\/agrikomp.com\/de\/","name":"agriKomp GmbH","description":"Biogasanlagen und Biogastechnik wie sie gebraucht wird","publisher":{"@id":"https:\/\/agrikomp.com\/de\/#organization"},"potentialAction":[{"@type":"SearchAction","target":{"@type":"EntryPoint","urlTemplate":"https:\/\/agrikomp.com\/de\/?s={search_term_string}"},"query-input":{"@type":"PropertyValueSpecification","valueRequired":true,"valueName":"search_term_string"}}],"inLanguage":"fr-FR"},{"@type":"Organization","@id":"https:\/\/agrikomp.com\/de\/#organization","name":"agriKomp","url":"https:\/\/agrikomp.com\/de\/","logo":{"@type":"ImageObject","inLanguage":"fr-FR","@id":"https:\/\/agrikomp.com\/de\/#\/schema\/logo\/image\/","url":"https:\/\/www.agrikomp.com\/wp-content\/uploads\/2020\/11\/150224_aKlogo-grau_quer.png","contentUrl":"https:\/\/www.agrikomp.com\/wp-content\/uploads\/2020\/11\/150224_aKlogo-grau_quer.png","width":2712,"height":482,"caption":"agriKomp"},"image":{"@id":"https:\/\/agrikomp.com\/de\/#\/schema\/logo\/image\/"},"sameAs":["https:\/\/www.facebook.com\/agriKomp.Deutschland","https:\/\/www.instagram.com\/agrikomp\/?hl=en","https:\/\/www.linkedin.com\/company\/5254243\/","https:\/\/www.youtube.com\/@AgrikompDeutschland"]},{"@type":"Person","@id":"https:\/\/agrikomp.com\/de\/#\/schema\/person\/21a6b039c11b2366d4f9010240d5e880","name":"Marketing France"}]}},"_links":{"self":[{"href":"https:\/\/www.agrikomp.com\/fr\/wp-json\/wp\/v2\/posts\/16405","targetHints":{"allow":["GET"]}}],"collection":[{"href":"https:\/\/www.agrikomp.com\/fr\/wp-json\/wp\/v2\/posts"}],"about":[{"href":"https:\/\/www.agrikomp.com\/fr\/wp-json\/wp\/v2\/types\/post"}],"author":[{"embeddable":true,"href":"https:\/\/www.agrikomp.com\/fr\/wp-json\/wp\/v2\/users\/6"}],"replies":[{"embeddable":true,"href":"https:\/\/www.agrikomp.com\/fr\/wp-json\/wp\/v2\/comments?post=16405"}],"version-history":[{"count":4,"href":"https:\/\/www.agrikomp.com\/fr\/wp-json\/wp\/v2\/posts\/16405\/revisions"}],"predecessor-version":[{"id":16421,"href":"https:\/\/www.agrikomp.com\/fr\/wp-json\/wp\/v2\/posts\/16405\/revisions\/16421"}],"wp:featuredmedia":[{"embeddable":true,"href":"https:\/\/www.agrikomp.com\/fr\/wp-json\/wp\/v2\/media\/16407"}],"wp:attachment":[{"href":"https:\/\/www.agrikomp.com\/fr\/wp-json\/wp\/v2\/media?parent=16405"}],"wp:term":[{"taxonomy":"category","embeddable":true,"href":"https:\/\/www.agrikomp.com\/fr\/wp-json\/wp\/v2\/categories?post=16405"},{"taxonomy":"post_tag","embeddable":true,"href":"https:\/\/www.agrikomp.com\/fr\/wp-json\/wp\/v2\/tags?post=16405"}],"curies":[{"name":"wp","href":"https:\/\/api.w.org\/{rel}","templated":true}]}}