{"id":16084,"date":"2021-10-07T14:53:50","date_gmt":"2021-10-07T14:53:50","guid":{"rendered":"https:\/\/agrikomp.com\/?p=16084"},"modified":"2022-08-23T07:57:19","modified_gmt":"2022-08-23T07:57:19","slug":"actu-portes-ouvertes-2021-11-vallee-cailloux","status":"publish","type":"post","link":"https:\/\/www.agrikomp.com\/fr\/actu-portes-ouvertes-2021-11-vallee-cailloux\/","title":{"rendered":"SAS VALL\u00c9E CAILLOUX \u2758  26&#038;27\/11\/2021 \u00e0 Belloy-sur-Somme (80)"},"content":{"rendered":"\t\t<div data-elementor-type=\"wp-post\" data-elementor-id=\"16084\" class=\"elementor elementor-16084\" data-elementor-post-type=\"post\">\n\t\t\t\t\t\t<section class=\"elementor-section elementor-top-section elementor-element elementor-element-2feefad elementor-section-height-min-height elementor-section-content-middle elementor-section-boxed elementor-section-height-default elementor-section-items-middle\" data-id=\"2feefad\" data-element_type=\"section\" data-e-type=\"section\" data-settings=\"{&quot;background_background&quot;:&quot;classic&quot;}\">\n\t\t\t\t\t\t\t<div class=\"elementor-background-overlay\"><\/div>\n\t\t\t\t\t\t\t<div class=\"elementor-container elementor-column-gap-default\">\n\t\t\t\t\t<div class=\"elementor-column elementor-col-100 elementor-top-column elementor-element elementor-element-e7167bf\" data-id=\"e7167bf\" data-element_type=\"column\" data-e-type=\"column\" data-settings=\"{&quot;background_background&quot;:&quot;classic&quot;}\">\n\t\t\t<div class=\"elementor-widget-wrap elementor-element-populated\">\n\t\t\t\t\t\t\t<\/div>\n\t\t<\/div>\n\t\t\t\t\t<\/div>\n\t\t<\/section>\n\t\t\t\t<section class=\"elementor-section elementor-top-section elementor-element elementor-element-717bf03d elementor-section-boxed elementor-section-height-default elementor-section-height-default\" data-id=\"717bf03d\" data-element_type=\"section\" data-e-type=\"section\">\n\t\t\t\t\t\t<div class=\"elementor-container elementor-column-gap-default\">\n\t\t\t\t\t<div class=\"elementor-column elementor-col-100 elementor-top-column elementor-element elementor-element-5b59dc3b\" data-id=\"5b59dc3b\" data-element_type=\"column\" data-e-type=\"column\">\n\t\t\t<div class=\"elementor-widget-wrap elementor-element-populated\">\n\t\t\t\t\t\t<div class=\"elementor-element elementor-element-58e50515 elementor-widget elementor-widget-spacer\" data-id=\"58e50515\" data-element_type=\"widget\" data-e-type=\"widget\" data-widget_type=\"spacer.default\">\n\t\t\t\t<div class=\"elementor-widget-container\">\n\t\t\t\t\t\t\t<div class=\"elementor-spacer\">\n\t\t\t<div class=\"elementor-spacer-inner\"><\/div>\n\t\t<\/div>\n\t\t\t\t\t\t<\/div>\n\t\t\t\t<\/div>\n\t\t\t\t<section class=\"elementor-section elementor-inner-section elementor-element elementor-element-33b5f162 elementor-section-boxed elementor-section-height-default elementor-section-height-default\" data-id=\"33b5f162\" data-element_type=\"section\" data-e-type=\"section\">\n\t\t\t\t\t\t<div class=\"elementor-container elementor-column-gap-wider\">\n\t\t\t\t\t<div class=\"elementor-column elementor-col-50 elementor-inner-column elementor-element elementor-element-1cb6eff9\" data-id=\"1cb6eff9\" data-element_type=\"column\" data-e-type=\"column\" data-settings=\"{&quot;background_background&quot;:&quot;gradient&quot;}\">\n\t\t\t<div class=\"elementor-widget-wrap elementor-element-populated\">\n\t\t\t\t\t\t<div class=\"elementor-element elementor-element-7e38523 elementor-widget elementor-widget-image\" data-id=\"7e38523\" data-element_type=\"widget\" data-e-type=\"widget\" data-widget_type=\"image.default\">\n\t\t\t\t<div class=\"elementor-widget-container\">\n\t\t\t\t\t\t\t\t\t\t\t\t\t\t\t\t<a href=\"https:\/\/agrikomp.com\/fr\/\">\n\t\t\t\t\t\t\t<img fetchpriority=\"high\" decoding=\"async\" width=\"768\" height=\"618\" src=\"https:\/\/www.agrikomp.com\/wp-content\/uploads\/AKFR_2111_VALLEE-CAILLOUX_AGRISELECT_exploitant-Niquet.jpg\" class=\"attachment-medium_large size-medium_large wp-image-16351\" alt=\"\" srcset=\"https:\/\/www.agrikomp.com\/wp-content\/uploads\/AKFR_2111_VALLEE-CAILLOUX_AGRISELECT_exploitant-Niquet.jpg 768w, https:\/\/www.agrikomp.com\/wp-content\/uploads\/AKFR_2111_VALLEE-CAILLOUX_AGRISELECT_exploitant-Niquet-300x241.jpg 300w\" sizes=\"(max-width: 768px) 100vw, 768px\" \/>\t\t\t\t\t\t\t\t<\/a>\n\t\t\t\t\t\t\t\t\t\t\t\t\t\t\t<\/div>\n\t\t\t\t<\/div>\n\t\t\t\t\t<\/div>\n\t\t<\/div>\n\t\t\t\t<div class=\"elementor-column elementor-col-50 elementor-inner-column elementor-element elementor-element-70d98c2f\" data-id=\"70d98c2f\" data-element_type=\"column\" data-e-type=\"column\">\n\t\t\t<div class=\"elementor-widget-wrap elementor-element-populated\">\n\t\t\t\t\t\t<div class=\"elementor-element elementor-element-f4591d9 elementor-widget elementor-widget-heading\" data-id=\"f4591d9\" data-element_type=\"widget\" data-e-type=\"widget\" data-widget_type=\"heading.default\">\n\t\t\t\t<div class=\"elementor-widget-container\">\n\t\t\t\t\t<h2 class=\"elementor-heading-title elementor-size-default\">les journ\u00e9es portes ouvertes de la sas vall\u00e9e cailloux <\/h2>\t\t\t\t<\/div>\n\t\t\t\t<\/div>\n\t\t\t\t<div class=\"elementor-element elementor-element-57f39ce1 elementor-widget elementor-widget-text-editor\" data-id=\"57f39ce1\" data-element_type=\"widget\" data-e-type=\"widget\" data-widget_type=\"text-editor.default\">\n\t\t\t\t<div class=\"elementor-widget-container\">\n\t\t\t\t\t\t\t\t\t<p>Le vendredi 26 et le samedi 27 novembre 2021, venez d\u00e9couvrir la m\u00e9thanisation expliqu\u00e9e par ceux qui la font tous les jours !\u00a0<\/p><p>M. et Mme Niquet, ainsi qu&#8217;agriKomp, le constructeur, sommes heureux de pouvoir vous accueillir !\u00a0<\/p><p>Venez \u00e0 notre rencontre, nous serions ravis d&#8217;\u00e9changer avec vous sur vos projets de m\u00e9thanisation !\u00a0<\/p>\t\t\t\t\t\t\t\t<\/div>\n\t\t\t\t<\/div>\n\t\t\t\t\t<\/div>\n\t\t<\/div>\n\t\t\t\t\t<\/div>\n\t\t<\/section>\n\t\t\t\t<div class=\"elementor-element elementor-element-662c60d elementor-widget elementor-widget-spacer\" data-id=\"662c60d\" data-element_type=\"widget\" data-e-type=\"widget\" data-widget_type=\"spacer.default\">\n\t\t\t\t<div class=\"elementor-widget-container\">\n\t\t\t\t\t\t\t<div class=\"elementor-spacer\">\n\t\t\t<div class=\"elementor-spacer-inner\"><\/div>\n\t\t<\/div>\n\t\t\t\t\t\t<\/div>\n\t\t\t\t<\/div>\n\t\t\t\t\t<\/div>\n\t\t<\/div>\n\t\t\t\t\t<\/div>\n\t\t<\/section>\n\t\t\t\t<section class=\"elementor-section elementor-top-section elementor-element elementor-element-47d5562 elementor-section-boxed elementor-section-height-default elementor-section-height-default\" data-id=\"47d5562\" data-element_type=\"section\" data-e-type=\"section\">\n\t\t\t\t\t\t<div class=\"elementor-container elementor-column-gap-default\">\n\t\t\t\t\t<div class=\"elementor-column elementor-col-50 elementor-top-column elementor-element elementor-element-d1f7db6\" data-id=\"d1f7db6\" data-element_type=\"column\" data-e-type=\"column\">\n\t\t\t<div class=\"elementor-widget-wrap elementor-element-populated\">\n\t\t\t\t\t\t<div class=\"elementor-element elementor-element-c5340b7 elementor-widget elementor-widget-text-editor\" data-id=\"c5340b7\" data-element_type=\"widget\" data-e-type=\"widget\" data-widget_type=\"text-editor.default\">\n\t\t\t\t<div class=\"elementor-widget-container\">\n\t\t\t\t\t\t\t\t\t<p><b>Au programme de ces journ\u00e9es : <br \/><\/b><img decoding=\"async\" style=\"color: var( --e-global-color-text ); font-family: var( --e-global-typography-text-font-family ), open-sans; font-size: var( --e-global-typography-text-font-size ); font-weight: var( --e-global-typography-text-font-weight ); letter-spacing: var( --e-global-typography-text-letter-spacing );\" src=\"https:\/\/www.facebook.com\/images\/emoji.php\/v9\/t25\/1.5\/16\/27a1.png\" alt=\"\u27a1\" width=\"16\" height=\"16\" \/><span style=\"color: var( --e-global-color-text ); font-family: var( --e-global-typography-text-font-family ), open-sans; font-size: var( --e-global-typography-text-font-size ); font-weight: var( --e-global-typography-text-font-weight ); letter-spacing: var( --e-global-typography-text-letter-spacing );\"> Vendredi 26 novembre 2021 : de 9h30 \u00e0 17h, journ\u00e9e r\u00e9serv\u00e9e aux agriculteurs, inscriptions possibles pour la presse et les professionnels\u00a0<br \/><\/span><img decoding=\"async\" style=\"color: var( --e-global-color-text ); font-family: var( --e-global-typography-text-font-family ), open-sans; font-size: var( --e-global-typography-text-font-size ); font-weight: var( --e-global-typography-text-font-weight ); letter-spacing: var( --e-global-typography-text-letter-spacing );\" src=\"https:\/\/www.facebook.com\/images\/emoji.php\/v9\/t25\/1.5\/16\/27a1.png\" alt=\"\u27a1\" width=\"16\" height=\"16\" \/><span style=\"color: var( --e-global-color-text ); font-family: var( --e-global-typography-text-font-family ), open-sans; font-size: var( --e-global-typography-text-font-size ); font-weight: var( --e-global-typography-text-font-weight ); letter-spacing: var( --e-global-typography-text-letter-spacing );\"> Samedi 27 novembre 2021 : ouverture au grand public avec visites guid\u00e9es de l&#8217;unit\u00e9<\/span><\/p>\t\t\t\t\t\t\t\t<\/div>\n\t\t\t\t<\/div>\n\t\t\t\t\t<\/div>\n\t\t<\/div>\n\t\t\t\t<div class=\"elementor-column elementor-col-50 elementor-top-column elementor-element elementor-element-93b8120\" data-id=\"93b8120\" data-element_type=\"column\" data-e-type=\"column\">\n\t\t\t<div class=\"elementor-widget-wrap elementor-element-populated\">\n\t\t\t\t\t\t<div class=\"elementor-element elementor-element-3c4180d elementor-widget elementor-widget-text-editor\" data-id=\"3c4180d\" data-element_type=\"widget\" data-e-type=\"widget\" data-widget_type=\"text-editor.default\">\n\t\t\t\t<div class=\"elementor-widget-container\">\n\t\t\t\t\t\t\t\t\t<p><b>A propos de l&#8217;exploitation :\u00a0<br \/><\/b><span style=\"color: var( --e-global-color-text ); font-family: var( --e-global-typography-text-font-family ), open-sans; font-size: var( --e-global-typography-text-font-size ); font-weight: var( --e-global-typography-text-font-weight ); letter-spacing: var( --e-global-typography-text-letter-spacing );\">C&#8217;est une structure d&#8217;\u00e9levage compos\u00e9e de 110 vaches laiti\u00e8res et de leur suite ainsi que de 170 ha de SAU (Surface Agricole Utile), qui incorpore pr\u00e8s de 20 tonnes d&#8217;intrants (principalement le fumier de l&#8217;\u00e9levage) dans cette unit\u00e9 de cog\u00e9n\u00e9ration, d&#8217;une puissance de 195kWel.\u00a0<\/span><\/p>\t\t\t\t\t\t\t\t<\/div>\n\t\t\t\t<\/div>\n\t\t\t\t\t<\/div>\n\t\t<\/div>\n\t\t\t\t\t<\/div>\n\t\t<\/section>\n\t\t\t\t<section class=\"elementor-section elementor-top-section elementor-element elementor-element-a021357 elementor-section-boxed elementor-section-height-default elementor-section-height-default\" data-id=\"a021357\" data-element_type=\"section\" data-e-type=\"section\">\n\t\t\t\t\t\t<div class=\"elementor-container elementor-column-gap-default\">\n\t\t\t\t\t<div class=\"elementor-column elementor-col-100 elementor-top-column elementor-element elementor-element-d22a360\" data-id=\"d22a360\" data-element_type=\"column\" data-e-type=\"column\">\n\t\t\t<div class=\"elementor-widget-wrap elementor-element-populated\">\n\t\t\t\t\t\t<div class=\"elementor-element elementor-element-daff8c9 elementor-widget elementor-widget-spacer\" data-id=\"daff8c9\" data-element_type=\"widget\" data-e-type=\"widget\" data-widget_type=\"spacer.default\">\n\t\t\t\t<div class=\"elementor-widget-container\">\n\t\t\t\t\t\t\t<div class=\"elementor-spacer\">\n\t\t\t<div class=\"elementor-spacer-inner\"><\/div>\n\t\t<\/div>\n\t\t\t\t\t\t<\/div>\n\t\t\t\t<\/div>\n\t\t\t\t\t<\/div>\n\t\t<\/div>\n\t\t\t\t\t<\/div>\n\t\t<\/section>\n\t\t\t\t<section class=\"elementor-section elementor-top-section elementor-element elementor-element-1c23d86 elementor-section-boxed elementor-section-height-default elementor-section-height-default\" data-id=\"1c23d86\" data-element_type=\"section\" data-e-type=\"section\">\n\t\t\t\t\t\t<div class=\"elementor-container elementor-column-gap-default\">\n\t\t\t\t\t<div class=\"elementor-column elementor-col-100 elementor-top-column elementor-element elementor-element-b843007\" data-id=\"b843007\" data-element_type=\"column\" data-e-type=\"column\" data-settings=\"{&quot;background_background&quot;:&quot;classic&quot;}\">\n\t\t\t<div class=\"elementor-widget-wrap elementor-element-populated\">\n\t\t\t\t\t\t<div class=\"elementor-element elementor-element-bcd8914 elementor-widget elementor-widget-spacer\" data-id=\"bcd8914\" data-element_type=\"widget\" data-e-type=\"widget\" data-widget_type=\"spacer.default\">\n\t\t\t\t<div class=\"elementor-widget-container\">\n\t\t\t\t\t\t\t<div class=\"elementor-spacer\">\n\t\t\t<div class=\"elementor-spacer-inner\"><\/div>\n\t\t<\/div>\n\t\t\t\t\t\t<\/div>\n\t\t\t\t<\/div>\n\t\t\t\t<div class=\"elementor-element elementor-element-be8f96c elementor-widget elementor-widget-heading\" data-id=\"be8f96c\" data-element_type=\"widget\" data-e-type=\"widget\" data-widget_type=\"heading.default\">\n\t\t\t\t<div class=\"elementor-widget-container\">\n\t\t\t\t\t<h2 class=\"elementor-heading-title elementor-size-default\">26 &amp; 27 novembre 2021<\/h2>\t\t\t\t<\/div>\n\t\t\t\t<\/div>\n\t\t\t\t<div class=\"elementor-element elementor-element-e098a88 elementor-widget elementor-widget-heading\" data-id=\"e098a88\" data-element_type=\"widget\" data-e-type=\"widget\" data-widget_type=\"heading.default\">\n\t\t\t\t<div class=\"elementor-widget-container\">\n\t\t\t\t\t<h2 class=\"elementor-heading-title elementor-size-default\">Portes ouvertes m\u00e9thanisation<\/h2>\t\t\t\t<\/div>\n\t\t\t\t<\/div>\n\t\t\t\t<div class=\"elementor-element elementor-element-5caac64 elementor-widget elementor-widget-spacer\" data-id=\"5caac64\" data-element_type=\"widget\" data-e-type=\"widget\" data-widget_type=\"spacer.default\">\n\t\t\t\t<div class=\"elementor-widget-container\">\n\t\t\t\t\t\t\t<div class=\"elementor-spacer\">\n\t\t\t<div class=\"elementor-spacer-inner\"><\/div>\n\t\t<\/div>\n\t\t\t\t\t\t<\/div>\n\t\t\t\t<\/div>\n\t\t\t\t\t<\/div>\n\t\t<\/div>\n\t\t\t\t\t<\/div>\n\t\t<\/section>\n\t\t\t\t<section class=\"elementor-section elementor-top-section elementor-element elementor-element-cc51677 elementor-section-boxed elementor-section-height-default elementor-section-height-default\" data-id=\"cc51677\" data-element_type=\"section\" data-e-type=\"section\">\n\t\t\t\t\t\t<div class=\"elementor-container elementor-column-gap-default\">\n\t\t\t\t\t<div class=\"elementor-column elementor-col-100 elementor-top-column elementor-element elementor-element-c9f117b\" data-id=\"c9f117b\" data-element_type=\"column\" data-e-type=\"column\">\n\t\t\t<div class=\"elementor-widget-wrap elementor-element-populated\">\n\t\t\t\t\t\t<div class=\"elementor-element elementor-element-6e51348 elementor-widget elementor-widget-spacer\" data-id=\"6e51348\" data-element_type=\"widget\" data-e-type=\"widget\" data-widget_type=\"spacer.default\">\n\t\t\t\t<div class=\"elementor-widget-container\">\n\t\t\t\t\t\t\t<div class=\"elementor-spacer\">\n\t\t\t<div class=\"elementor-spacer-inner\"><\/div>\n\t\t<\/div>\n\t\t\t\t\t\t<\/div>\n\t\t\t\t<\/div>\n\t\t\t\t<div class=\"elementor-element elementor-element-2a475e6 elementor-widget elementor-widget-heading\" data-id=\"2a475e6\" data-element_type=\"widget\" data-e-type=\"widget\" data-widget_type=\"heading.default\">\n\t\t\t\t<div class=\"elementor-widget-container\">\n\t\t\t\t\t<h2 class=\"elementor-heading-title elementor-size-xl\">Infos utiles<\/h2>\t\t\t\t<\/div>\n\t\t\t\t<\/div>\n\t\t\t\t<div class=\"elementor-element elementor-element-356983f elementor-widget elementor-widget-spacer\" data-id=\"356983f\" data-element_type=\"widget\" data-e-type=\"widget\" data-widget_type=\"spacer.default\">\n\t\t\t\t<div class=\"elementor-widget-container\">\n\t\t\t\t\t\t\t<div class=\"elementor-spacer\">\n\t\t\t<div class=\"elementor-spacer-inner\"><\/div>\n\t\t<\/div>\n\t\t\t\t\t\t<\/div>\n\t\t\t\t<\/div>\n\t\t\t\t\t<\/div>\n\t\t<\/div>\n\t\t\t\t\t<\/div>\n\t\t<\/section>\n\t\t\t\t<section class=\"elementor-section elementor-top-section elementor-element elementor-element-e4c07f3 elementor-section-boxed elementor-section-height-default elementor-section-height-default\" data-id=\"e4c07f3\" data-element_type=\"section\" data-e-type=\"section\">\n\t\t\t\t\t\t<div class=\"elementor-container elementor-column-gap-default\">\n\t\t\t\t\t<div class=\"elementor-column elementor-col-50 elementor-top-column elementor-element elementor-element-bef307c\" data-id=\"bef307c\" data-element_type=\"column\" data-e-type=\"column\">\n\t\t\t<div class=\"elementor-widget-wrap elementor-element-populated\">\n\t\t\t\t\t\t<div class=\"elementor-element elementor-element-4c9fe717 elementor-widget elementor-widget-text-editor\" data-id=\"4c9fe717\" data-element_type=\"widget\" data-e-type=\"widget\" data-widget_type=\"text-editor.default\">\n\t\t\t\t<div class=\"elementor-widget-container\">\n\t\t\t\t\t\t\t\t\t<p>Date : le vendredi 26 et le samedi 27 novembre 2021, de 9h30 \u00e0 17h<\/p>\n<p>Lieu : 52, rue Marcelle Genevois | 80310 Belloy-sur-Somme<b><br><\/b><\/p>\n<p><b>&nbsp;<br><\/b><\/p>\n<p><b>Inscription &amp; renseignements :<\/b>&nbsp;<a style=\"background-color: #ffffff;\" href=\"mailto:marketing-communication@agrikomp-biogaz.fr\">marketing-communication@agrikomp-biogaz.fr<\/a><\/p>\n<p><em style=\"font-size: 16px;\">&nbsp; <br><\/em><\/p>\n<p><span dir=\"auto\">\ud835\uddd8\ud835\ude05\ud835\uddfd\ud835\uddf9\ud835\uddfc\ud835\uddf6\ud835\ude01\ud835\uddee\ud835\ude01\ud835\uddf6\ud835\uddfc\ud835\uddfb \ud835\uddee\ud835\uddf4\ud835\uddff\ud835\uddf6\ud835\uddf0\ud835\uddfc\ud835\uddf9\ud835\uddf2 :<br><\/span><\/p>\n<p><span dir=\"auto\"><img decoding=\"async\" src=\"https:\/\/www.facebook.com\/images\/emoji.php\/v9\/t5d\/1\/16\/26a1.png\" alt=\"\u26a1\" width=\"16\" height=\"16\"> Unit\u00e9 en <b>cog\u00e9n\u00e9ration <a tabindex=\"0\" role=\"link\" href=\"https:\/\/agrikomp.com\/fr\/installations\/agriselect-indi\/\" target=\"_blank\" rel=\"noopener\">agriSelect<\/a> 195kWel<\/b><br><\/span><\/p>\n<p><span dir=\"auto\"><img loading=\"lazy\" decoding=\"async\" src=\"https:\/\/www.facebook.com\/images\/emoji.php\/v9\/t7e\/1\/16\/1f4c5.png\" alt=\"\ud83d\udcc5\" width=\"16\" height=\"16\"> Mise en service en septembre 2019<\/span><\/p>\n<p><span dir=\"auto\">&nbsp; <br><\/span><\/p>\n<p><\/p>\n<p><em style=\"font-size: 16px;\">Pass Sanitaire demand\u00e9.<\/em><\/p>\n<p><em style=\"font-size: 16px;\">Tous les participants (visiteurs, exposants, personnel organisateur et prestataires sur place) seront tenus de porter des masques faciaux, d&#8217;utiliser les distributeurs de gel hydroalcoolique disponibles, de respecter les r\u00e8gles de distanciation et de respecter toutes les autres stipulations sanitaires et d&#8217;hygi\u00e8ne fournies sur place.<\/em><\/p>\t\t\t\t\t\t\t\t<\/div>\n\t\t\t\t<\/div>\n\t\t\t\t\t<\/div>\n\t\t<\/div>\n\t\t\t\t<div class=\"elementor-column elementor-col-50 elementor-top-column elementor-element elementor-element-c2d283e\" data-id=\"c2d283e\" data-element_type=\"column\" data-e-type=\"column\">\n\t\t\t<div class=\"elementor-widget-wrap elementor-element-populated\">\n\t\t\t\t\t\t<div class=\"elementor-element elementor-element-e43abf7 elementor-widget elementor-widget-google_maps\" data-id=\"e43abf7\" data-element_type=\"widget\" data-e-type=\"widget\" data-widget_type=\"google_maps.default\">\n\t\t\t\t<div class=\"elementor-widget-container\">\n\t\t\t\t\t\t\t<div class=\"elementor-custom-embed\">\n\t\t\t <div class=\"brlbs-cmpnt-container brlbs-cmpnt-content-blocker brlbs-cmpnt-with-individual-styles\" data-borlabs-cookie-content-blocker-id=\"google-maps\" data-borlabs-cookie-content=\"PGlmcmFtZSBsb2FkaW5nPSJsYXp5IgoJCQkJCXNyYz0iaHR0cHM6Ly9tYXBzLmdvb2dsZS5jb20vbWFwcz9xPTUyJTIwcnVlJTIwTWFyY2VsbGUlMjBHZW5ldm9pcyUyMDgwMzEwJTIwQmVsbG95LXN1ci1Tb21tZSYjMDM4O3Q9bSYjMDM4O3o9MTAmIzAzODtvdXRwdXQ9ZW1iZWQmIzAzODtpd2xvYz1uZWFyIgoJCQkJCXRpdGxlPSI1MiBydWUgTWFyY2VsbGUgR2VuZXZvaXMgODAzMTAgQmVsbG95LXN1ci1Tb21tZSIKCQkJCQlhcmlhLWxhYmVsPSI1MiBydWUgTWFyY2VsbGUgR2VuZXZvaXMgODAzMTAgQmVsbG95LXN1ci1Tb21tZSIKCQkJPjwvaWZyYW1lPg==\"><div class=\"brlbs-cmpnt-cb-preset-b brlbs-cmpnt-cb-google-maps\"> <div class=\"brlbs-cmpnt-cb-thumbnail\" style=\"background-image: url('https:\/\/www.agrikomp.com\/wp-content\/uploads\/borlabs-cookie\/1\/brlbs-cb-google-maps-main.png')\"><\/div> <div class=\"brlbs-cmpnt-cb-main\"> <div class=\"brlbs-cmpnt-cb-content\"> <p class=\"brlbs-cmpnt-cb-description\">Vous \u00eates actuellement en train de consulter le contenu d'un espace r\u00e9serv\u00e9 de <strong>Google Maps<\/strong>. Pour acc\u00e9der au contenu r\u00e9el, cliquez sur le bouton ci-dessous. Veuillez noter que ce faisant, des donn\u00e9es seront partag\u00e9es avec des providers tiers.<\/p> <a class=\"brlbs-cmpnt-cb-provider-toggle\" href=\"#\" data-borlabs-cookie-show-provider-information role=\"button\">Plus d'informations<\/a> <\/div> <div class=\"brlbs-cmpnt-cb-buttons\"> <a class=\"brlbs-cmpnt-cb-btn\" href=\"#\" data-borlabs-cookie-unblock role=\"button\">D\u00e9bloquer le contenu<\/a> <a class=\"brlbs-cmpnt-cb-btn\" href=\"#\" data-borlabs-cookie-accept-service role=\"button\" style=\"display: inherit\">Accepter le service requis et d\u00e9bloquer les contenus<\/a> <\/div> <\/div> <\/div><\/div>\n\t\t<\/div>\n\t\t\t\t\t\t<\/div>\n\t\t\t\t<\/div>\n\t\t\t\t\t<\/div>\n\t\t<\/div>\n\t\t\t\t\t<\/div>\n\t\t<\/section>\n\t\t\t\t<section class=\"elementor-section elementor-top-section elementor-element elementor-element-d4e5239 elementor-section-boxed elementor-section-height-default elementor-section-height-default\" data-id=\"d4e5239\" data-element_type=\"section\" data-e-type=\"section\">\n\t\t\t\t\t\t<div class=\"elementor-container elementor-column-gap-default\">\n\t\t\t\t\t<div class=\"elementor-column elementor-col-100 elementor-top-column elementor-element elementor-element-01c491a\" data-id=\"01c491a\" data-element_type=\"column\" data-e-type=\"column\">\n\t\t\t<div class=\"elementor-widget-wrap elementor-element-populated\">\n\t\t\t\t\t\t<div class=\"elementor-element elementor-element-5a11b85 elementor-widget elementor-widget-spacer\" data-id=\"5a11b85\" data-element_type=\"widget\" data-e-type=\"widget\" data-widget_type=\"spacer.default\">\n\t\t\t\t<div class=\"elementor-widget-container\">\n\t\t\t\t\t\t\t<div class=\"elementor-spacer\">\n\t\t\t<div class=\"elementor-spacer-inner\"><\/div>\n\t\t<\/div>\n\t\t\t\t\t\t<\/div>\n\t\t\t\t<\/div>\n\t\t\t\t\t<\/div>\n\t\t<\/div>\n\t\t\t\t\t<\/div>\n\t\t<\/section>\n\t\t\t\t<section class=\"elementor-section elementor-top-section elementor-element elementor-element-b330243 elementor-section-boxed elementor-section-height-default elementor-section-height-default\" data-id=\"b330243\" data-element_type=\"section\" data-e-type=\"section\">\n\t\t\t\t\t\t<div class=\"elementor-container elementor-column-gap-default\">\n\t\t\t\t\t<div class=\"elementor-column elementor-col-100 elementor-top-column elementor-element elementor-element-6446ff5\" data-id=\"6446ff5\" data-element_type=\"column\" data-e-type=\"column\">\n\t\t\t<div class=\"elementor-widget-wrap elementor-element-populated\">\n\t\t\t\t\t\t<div class=\"elementor-element elementor-element-8eb4747 elementor-widget elementor-widget-text-editor\" data-id=\"8eb4747\" data-element_type=\"widget\" data-e-type=\"widget\" data-widget_type=\"text-editor.default\">\n\t\t\t\t<div class=\"elementor-widget-container\">\n\t\t\t\t\t\t\t\t\t<p>Lors de ces journ\u00e9es, vous aurez l&#8217;occasion de discuter avec le <strong>technico-commercial du secteur Christophe<\/strong>, avec notre service <strong>marketing et communication<\/strong>, nos <b>ressources humaines<\/b>, et m\u00eame avec le<strong> service Construction <\/strong>pour discuter des modalit\u00e9s des chantiers !<\/p><p>Ce sera aussi une belle opportunit\u00e9 pour rencontrer tous les acteurs qui travaillent au quotidien avec l&#8217;exploitation agricole, et qui sont partenaires de cet \u00e9v\u00e9nement !<\/p><p>\u00a0<\/p><p>N&#8217;attendez-plus : r\u00e9servez votre journ\u00e9e, et venez nous voir !\u00a0<\/p>\t\t\t\t\t\t\t\t<\/div>\n\t\t\t\t<\/div>\n\t\t\t\t<div class=\"elementor-element elementor-element-df5324b elementor-widget elementor-widget-spacer\" data-id=\"df5324b\" data-element_type=\"widget\" data-e-type=\"widget\" data-widget_type=\"spacer.default\">\n\t\t\t\t<div class=\"elementor-widget-container\">\n\t\t\t\t\t\t\t<div class=\"elementor-spacer\">\n\t\t\t<div class=\"elementor-spacer-inner\"><\/div>\n\t\t<\/div>\n\t\t\t\t\t\t<\/div>\n\t\t\t\t<\/div>\n\t\t\t\t\t<\/div>\n\t\t<\/div>\n\t\t\t\t\t<\/div>\n\t\t<\/section>\n\t\t\t\t<section class=\"elementor-section elementor-top-section elementor-element elementor-element-0cba466 elementor-section-boxed elementor-section-height-default elementor-section-height-default\" data-id=\"0cba466\" data-element_type=\"section\" data-e-type=\"section\">\n\t\t\t\t\t\t<div class=\"elementor-container elementor-column-gap-default\">\n\t\t\t\t\t<div class=\"elementor-column elementor-col-100 elementor-top-column elementor-element elementor-element-da572f5\" data-id=\"da572f5\" data-element_type=\"column\" data-e-type=\"column\">\n\t\t\t<div class=\"elementor-widget-wrap elementor-element-populated\">\n\t\t\t\t\t\t<div class=\"elementor-element elementor-element-cd9be81 elementor-widget elementor-widget-text-editor\" data-id=\"cd9be81\" data-element_type=\"widget\" data-e-type=\"widget\" data-widget_type=\"text-editor.default\">\n\t\t\t\t<div class=\"elementor-widget-container\">\n\t\t\t\t\t\t\t\t\t<h2 style=\"font-family: var( --e-global-typography-primary-font-family ), open-sans; font-weight: var( --e-global-typography-primary-font-weight ); line-height: var( --e-global-typography-primary-line-height ); font-size: 39px; text-transform: var( --e-global-typography-primary-text-transform ); letter-spacing: normal; text-align: center;\" data-elementor-setting-key=\"title\" data-pen-placeholder=\"\u00c9crivez ici...\">MERCI \u00c0 NOS PARTENAIRES<\/h2>\t\t\t\t\t\t\t\t<\/div>\n\t\t\t\t<\/div>\n\t\t\t\t<div class=\"elementor-element elementor-element-8aac1cb elementor-skin-carousel elementor-arrows-yes elementor-pagination-type-bullets elementor-pagination-position-outside elementor-widget elementor-widget-media-carousel\" data-id=\"8aac1cb\" data-element_type=\"widget\" data-e-type=\"widget\" data-settings=\"{&quot;slides_per_view&quot;:&quot;8&quot;,&quot;slides_to_scroll&quot;:&quot;1&quot;,&quot;speed&quot;:300,&quot;autoplay_speed&quot;:3000,&quot;skin&quot;:&quot;carousel&quot;,&quot;effect&quot;:&quot;slide&quot;,&quot;show_arrows&quot;:&quot;yes&quot;,&quot;pagination&quot;:&quot;bullets&quot;,&quot;autoplay&quot;:&quot;yes&quot;,&quot;loop&quot;:&quot;yes&quot;,&quot;pause_on_hover&quot;:&quot;yes&quot;,&quot;pause_on_interaction&quot;:&quot;yes&quot;,&quot;space_between&quot;:{&quot;unit&quot;:&quot;px&quot;,&quot;size&quot;:10,&quot;sizes&quot;:[]},&quot;space_between_tablet&quot;:{&quot;unit&quot;:&quot;px&quot;,&quot;size&quot;:10,&quot;sizes&quot;:[]},&quot;space_between_mobile&quot;:{&quot;unit&quot;:&quot;px&quot;,&quot;size&quot;:10,&quot;sizes&quot;:[]}}\" data-widget_type=\"media-carousel.default\">\n\t\t\t\t<div class=\"elementor-widget-container\">\n\t\t\t\t\t\t\t\t\t<div class=\"elementor-swiper\">\n\t\t\t\t\t<div class=\"elementor-main-swiper swiper\" role=\"region\" aria-roledescription=\"carousel\" aria-label=\"Diapositives\">\n\t\t\t\t<div class=\"swiper-wrapper\">\n\t\t\t\t\t\t\t\t\t\t\t<div class=\"swiper-slide\" role=\"group\" aria-roledescription=\"slide\">\n\t\t\t\t\t\t\t\t\t<div class=\"elementor-carousel-image\" role=\"img\" aria-label=\"Ademe Bretagne\" style=\"background-image: url(&#039;https:\/\/www.agrikomp.com\/wp-content\/uploads\/Ademe-Bretagne.png&#039;)\">\n\n\t\t\t\n\t\t\t\t\t<\/div>\n\t\t\t\t\t\t\t\t<\/div>\n\t\t\t\t\t\t\t\t\t\t\t<div class=\"swiper-slide\" role=\"group\" aria-roledescription=\"slide\">\n\t\t\t\t\t\t\t<a href=\"http:\/\/www.groupama.fr\" target=\"_blank\">\t\t<div class=\"elementor-carousel-image\" role=\"img\" aria-label=\"logo GROUPAMA\" style=\"background-image: url(&#039;https:\/\/www.agrikomp.com\/wp-content\/uploads\/logo-GROUPAMA-scaled.jpg&#039;)\">\n\n\t\t\t\n\t\t\t\t\t<\/div>\n\t\t<\/a>\t\t\t\t\t\t<\/div>\n\t\t\t\t\t\t\t\t\t\t\t<div class=\"swiper-slide\" role=\"group\" aria-roledescription=\"slide\">\n\t\t\t\t\t\t\t\t\t<div class=\"elementor-carousel-image\" role=\"img\" aria-label=\"Logo Noriap Groupe_RVB\" style=\"background-image: url(&#039;https:\/\/www.agrikomp.com\/wp-content\/uploads\/Logo-Noriap-Groupe_RVB.jpg&#039;)\">\n\n\t\t\t\n\t\t\t\t\t<\/div>\n\t\t\t\t\t\t\t\t<\/div>\n\t\t\t\t\t\t\t\t\t\t\t<div class=\"swiper-slide\" role=\"group\" aria-roledescription=\"slide\">\n\t\t\t\t\t\t\t\t\t<div class=\"elementor-carousel-image\" role=\"img\" aria-label=\"logo savreux\" style=\"background-image: url(&#039;https:\/\/www.agrikomp.com\/wp-content\/uploads\/logo-savreux.jpg&#039;)\">\n\n\t\t\t\n\t\t\t\t\t<\/div>\n\t\t\t\t\t\t\t\t<\/div>\n\t\t\t\t\t\t\t\t\t\t\t<div class=\"swiper-slide\" role=\"group\" aria-roledescription=\"slide\">\n\t\t\t\t\t\t\t\t\t<div class=\"elementor-carousel-image\" role=\"img\" aria-label=\"CABP_RVB_Seul\" style=\"background-image: url(&#039;https:\/\/www.agrikomp.com\/wp-content\/uploads\/CABP_RVB_Seul.png&#039;)\">\n\n\t\t\t\n\t\t\t\t\t<\/div>\n\t\t\t\t\t\t\t\t<\/div>\n\t\t\t\t\t\t\t\t\t\t\t<div class=\"swiper-slide\" role=\"group\" aria-roledescription=\"slide\">\n\t\t\t\t\t\t\t\t\t<div class=\"elementor-carousel-image\" role=\"img\" aria-label=\"LOGO\" style=\"background-image: url(&#039;https:\/\/www.agrikomp.com\/wp-content\/uploads\/LOGO-sol-beton.jpg&#039;)\">\n\n\t\t\t\n\t\t\t\t\t<\/div>\n\t\t\t\t\t\t\t\t<\/div>\n\t\t\t\t\t\t\t\t\t\t\t<div class=\"swiper-slide\" role=\"group\" aria-roledescription=\"slide\">\n\t\t\t\t\t\t\t<a href=\"http:\/\/www.systeme-wolf.fr\" target=\"_blank\">\t\t<div class=\"elementor-carousel-image\" role=\"img\" aria-label=\"Logo Syst\u00e8me Wolf (003)\" style=\"background-image: url(&#039;https:\/\/www.agrikomp.com\/wp-content\/uploads\/logo-WOLF.jpg&#039;)\">\n\n\t\t\t\n\t\t\t\t\t<\/div>\n\t\t<\/a>\t\t\t\t\t\t<\/div>\n\t\t\t\t\t\t\t\t\t\t\t<div class=\"swiper-slide\" role=\"group\" aria-roledescription=\"slide\">\n\t\t\t\t\t\t\t\t\t<div class=\"elementor-carousel-image\" role=\"img\" aria-label=\"Logo_Le-Savoir-Vert\" style=\"background-image: url(&#039;https:\/\/www.agrikomp.com\/wp-content\/uploads\/Savoir-Vert-_-HD.jpg&#039;)\">\n\n\t\t\t\n\t\t\t\t\t<\/div>\n\t\t\t\t\t\t\t\t<\/div>\n\t\t\t\t\t\t\t\t\t\t\t<div class=\"swiper-slide\" role=\"group\" aria-roledescription=\"slide\">\n\t\t\t\t\t\t\t\t\t<div class=\"elementor-carousel-image\" role=\"img\" aria-label=\"LOGO-GRDF_descripteur_RVB\" style=\"background-image: url(&#039;https:\/\/www.agrikomp.com\/wp-content\/uploads\/LOGO-GRDF_descripteur_RVB.png&#039;)\">\n\n\t\t\t\n\t\t\t\t\t<\/div>\n\t\t\t\t\t\t\t\t<\/div>\n\t\t\t\t\t\t\t\t\t<\/div>\n\t\t\t\t\t\t\t\t\t\t\t\t\t\t\t<div class=\"elementor-swiper-button elementor-swiper-button-prev\" role=\"button\" tabindex=\"0\" aria-label=\"Pr\u00e9c\u00e9dent\">\n\t\t\t\t\t\t\t<i aria-hidden=\"true\" class=\"eicon-chevron-left\"><\/i>\t\t\t\t\t\t<\/div>\n\t\t\t\t\t\t<div class=\"elementor-swiper-button elementor-swiper-button-next\" role=\"button\" tabindex=\"0\" aria-label=\"Suivant\">\n\t\t\t\t\t\t\t<i aria-hidden=\"true\" class=\"eicon-chevron-right\"><\/i>\t\t\t\t\t\t<\/div>\n\t\t\t\t\t\t\t\t\t\t\t\t\t\t\t\t<div class=\"swiper-pagination\"><\/div>\n\t\t\t\t\t\t\t\t\t\t\t\t<\/div>\n\t\t\t\t<\/div>\n\t\t\t\t\t\t\t\t<\/div>\n\t\t\t\t<\/div>\n\t\t\t\t<div class=\"elementor-element elementor-element-7233ac3 elementor-widget elementor-widget-spacer\" data-id=\"7233ac3\" data-element_type=\"widget\" data-e-type=\"widget\" data-widget_type=\"spacer.default\">\n\t\t\t\t<div class=\"elementor-widget-container\">\n\t\t\t\t\t\t\t<div class=\"elementor-spacer\">\n\t\t\t<div class=\"elementor-spacer-inner\"><\/div>\n\t\t<\/div>\n\t\t\t\t\t\t<\/div>\n\t\t\t\t<\/div>\n\t\t\t\t\t<\/div>\n\t\t<\/div>\n\t\t\t\t\t<\/div>\n\t\t<\/section>\n\t\t\t\t<section class=\"elementor-section elementor-top-section elementor-element elementor-element-152cca2 elementor-section-boxed elementor-section-height-default elementor-section-height-default\" data-id=\"152cca2\" data-element_type=\"section\" data-e-type=\"section\" data-settings=\"{&quot;background_background&quot;:&quot;classic&quot;}\">\n\t\t\t\t\t\t<div class=\"elementor-container elementor-column-gap-default\">\n\t\t\t\t\t<div class=\"elementor-column elementor-col-100 elementor-top-column elementor-element elementor-element-d63fb6a\" data-id=\"d63fb6a\" data-element_type=\"column\" data-e-type=\"column\">\n\t\t\t<div class=\"elementor-widget-wrap elementor-element-populated\">\n\t\t\t\t\t\t<div class=\"elementor-element elementor-element-ffada72 elementor-widget elementor-widget-spacer\" data-id=\"ffada72\" data-element_type=\"widget\" data-e-type=\"widget\" data-widget_type=\"spacer.default\">\n\t\t\t\t<div class=\"elementor-widget-container\">\n\t\t\t\t\t\t\t<div class=\"elementor-spacer\">\n\t\t\t<div class=\"elementor-spacer-inner\"><\/div>\n\t\t<\/div>\n\t\t\t\t\t\t<\/div>\n\t\t\t\t<\/div>\n\t\t\t\t<div class=\"elementor-element elementor-element-64e4ca8 elementor-widget elementor-widget-heading\" data-id=\"64e4ca8\" data-element_type=\"widget\" data-e-type=\"widget\" data-widget_type=\"heading.default\">\n\t\t\t\t<div class=\"elementor-widget-container\">\n\t\t\t\t\t<h2 class=\"elementor-heading-title elementor-size-default\">Retrouvez toutes nos actualit\u00e9s ici :<\/h2>\t\t\t\t<\/div>\n\t\t\t\t<\/div>\n\t\t\t\t<div class=\"elementor-element elementor-element-d502507 elementor-align-center elementor-widget elementor-widget-button\" data-id=\"d502507\" data-element_type=\"widget\" data-e-type=\"widget\" data-widget_type=\"button.default\">\n\t\t\t\t<div class=\"elementor-widget-container\">\n\t\t\t\t\t\t\t\t\t<div class=\"elementor-button-wrapper\">\n\t\t\t\t\t<a class=\"elementor-button elementor-button-link elementor-size-md\" href=\"https:\/\/agrikomp.com\/fr\/vous-et-nous\/le-saviez-vous\/\">\n\t\t\t\t\t\t<span class=\"elementor-button-content-wrapper\">\n\t\t\t\t\t\t\t\t\t<span class=\"elementor-button-text\">L'ACTU AGRIKOMP <\/span>\n\t\t\t\t\t<\/span>\n\t\t\t\t\t<\/a>\n\t\t\t\t<\/div>\n\t\t\t\t\t\t\t\t<\/div>\n\t\t\t\t<\/div>\n\t\t\t\t<div class=\"elementor-element elementor-element-16bbdc0 elementor-widget elementor-widget-spacer\" data-id=\"16bbdc0\" data-element_type=\"widget\" data-e-type=\"widget\" data-widget_type=\"spacer.default\">\n\t\t\t\t<div class=\"elementor-widget-container\">\n\t\t\t\t\t\t\t<div class=\"elementor-spacer\">\n\t\t\t<div class=\"elementor-spacer-inner\"><\/div>\n\t\t<\/div>\n\t\t\t\t\t\t<\/div>\n\t\t\t\t<\/div>\n\t\t\t\t\t<\/div>\n\t\t<\/div>\n\t\t\t\t\t<\/div>\n\t\t<\/section>\n\t\t\t\t<\/div>\n\t\t","protected":false},"excerpt":{"rendered":"<p>les journ\u00e9es portes ouvertes de la sas vall\u00e9e cailloux Le vendredi 26 et le samedi 27 novembre 2021, venez d\u00e9couvrir la m\u00e9thanisation expliqu\u00e9e par ceux qui la font tous les jours !\u00a0 M. et Mme Niquet, ainsi qu&#8217;agriKomp, le constructeur, sommes heureux de pouvoir vous accueillir !\u00a0 Venez \u00e0 notre rencontre, nous serions ravis d&#8217;\u00e9changer [&hellip;]<\/p>\n","protected":false},"author":6,"featured_media":16305,"comment_status":"closed","ping_status":"closed","sticky":false,"template":"","format":"standard","meta":{"footnotes":""},"categories":[216],"tags":[],"class_list":["post-16084","post","type-post","status-publish","format-standard","has-post-thumbnail","hentry","category-evenements"],"yoast_head":"<!-- This site is optimized with the Yoast SEO Premium plugin v27.4 (Yoast SEO v27.5) - https:\/\/yoast.com\/product\/yoast-seo-premium-wordpress\/ -->\n<title>Visitez SAS VALL\u00c9E CAILLOUX \u2758 26&amp;27\/11\/2021 \u00e0 Belloy-sur-Somme (80)<\/title>\n<meta name=\"description\" content=\"Profitez de ces Journ\u00e9es Portes Ouvertes pour d\u00e9couvrir l&#039;exploitation agricole et la m\u00e9thanisation, les 26 et 27 novembre prochains!\" \/>\n<meta name=\"robots\" content=\"index, follow, max-snippet:-1, max-image-preview:large, max-video-preview:-1\" \/>\n<link rel=\"canonical\" href=\"https:\/\/www.agrikomp.com\/fr\/actu-portes-ouvertes-2021-11-vallee-cailloux\/\" \/>\n<meta property=\"og:locale\" content=\"fr_FR\" \/>\n<meta property=\"og:type\" content=\"article\" \/>\n<meta property=\"og:title\" content=\"SAS VALL\u00c9E CAILLOUX \u2758 26&amp;27\/11\/2021 \u00e0 Belloy-sur-Somme (80)\" \/>\n<meta property=\"og:description\" content=\"Profitez de ces Journ\u00e9es Portes Ouvertes pour d\u00e9couvrir l&#039;exploitation agricole et la m\u00e9thanisation, les 26 et 27 novembre prochains!\" \/>\n<meta property=\"og:url\" content=\"https:\/\/www.agrikomp.com\/fr\/actu-portes-ouvertes-2021-11-vallee-cailloux\/\" \/>\n<meta property=\"og:site_name\" content=\"agriKomp GmbH\" \/>\n<meta property=\"article:publisher\" content=\"https:\/\/www.facebook.com\/agriKomp.Deutschland\" \/>\n<meta property=\"article:published_time\" content=\"2021-10-07T14:53:50+00:00\" \/>\n<meta property=\"article:modified_time\" content=\"2022-08-23T07:57:19+00:00\" \/>\n<meta property=\"og:image\" content=\"https:\/\/www.agrikomp.com\/wp-content\/uploads\/AKFR_WEB_2111_actu-valle-cailloux_335x300.jpg\" \/>\n\t<meta property=\"og:image:width\" content=\"335\" \/>\n\t<meta property=\"og:image:height\" content=\"300\" \/>\n\t<meta property=\"og:image:type\" content=\"image\/jpeg\" \/>\n<meta name=\"author\" content=\"Marketing France\" \/>\n<meta name=\"twitter:card\" content=\"summary_large_image\" \/>\n<meta name=\"twitter:label1\" content=\"\u00c9crit par\" \/>\n\t<meta name=\"twitter:data1\" content=\"Marketing France\" \/>\n\t<meta name=\"twitter:label2\" content=\"Dur\u00e9e de lecture estim\u00e9e\" \/>\n\t<meta name=\"twitter:data2\" content=\"3 minutes\" \/>\n<script type=\"application\/ld+json\" class=\"yoast-schema-graph\">{\"@context\":\"https:\\\/\\\/schema.org\",\"@graph\":[{\"@type\":\"Article\",\"@id\":\"https:\\\/\\\/www.agrikomp.com\\\/fr\\\/actu-portes-ouvertes-2021-11-vallee-cailloux\\\/#article\",\"isPartOf\":{\"@id\":\"https:\\\/\\\/www.agrikomp.com\\\/fr\\\/actu-portes-ouvertes-2021-11-vallee-cailloux\\\/\"},\"author\":{\"name\":\"Marketing France\",\"@id\":\"https:\\\/\\\/agrikomp.com\\\/de\\\/#\\\/schema\\\/person\\\/21a6b039c11b2366d4f9010240d5e880\"},\"headline\":\"SAS VALL\u00c9E CAILLOUX \u2758 26&#038;27\\\/11\\\/2021 \u00e0 Belloy-sur-Somme (80)\",\"datePublished\":\"2021-10-07T14:53:50+00:00\",\"dateModified\":\"2022-08-23T07:57:19+00:00\",\"mainEntityOfPage\":{\"@id\":\"https:\\\/\\\/www.agrikomp.com\\\/fr\\\/actu-portes-ouvertes-2021-11-vallee-cailloux\\\/\"},\"wordCount\":353,\"publisher\":{\"@id\":\"https:\\\/\\\/agrikomp.com\\\/de\\\/#organization\"},\"image\":{\"@id\":\"https:\\\/\\\/www.agrikomp.com\\\/fr\\\/actu-portes-ouvertes-2021-11-vallee-cailloux\\\/#primaryimage\"},\"thumbnailUrl\":\"https:\\\/\\\/www.agrikomp.com\\\/wp-content\\\/uploads\\\/AKFR_WEB_2111_actu-valle-cailloux_335x300.jpg\",\"articleSection\":[\"Ev\u00e9nements\"],\"inLanguage\":\"fr-FR\"},{\"@type\":\"WebPage\",\"@id\":\"https:\\\/\\\/www.agrikomp.com\\\/fr\\\/actu-portes-ouvertes-2021-11-vallee-cailloux\\\/\",\"url\":\"https:\\\/\\\/www.agrikomp.com\\\/fr\\\/actu-portes-ouvertes-2021-11-vallee-cailloux\\\/\",\"name\":\"Visitez SAS VALL\u00c9E CAILLOUX \u2758 26&27\\\/11\\\/2021 \u00e0 Belloy-sur-Somme (80)\",\"isPartOf\":{\"@id\":\"https:\\\/\\\/agrikomp.com\\\/de\\\/#website\"},\"primaryImageOfPage\":{\"@id\":\"https:\\\/\\\/www.agrikomp.com\\\/fr\\\/actu-portes-ouvertes-2021-11-vallee-cailloux\\\/#primaryimage\"},\"image\":{\"@id\":\"https:\\\/\\\/www.agrikomp.com\\\/fr\\\/actu-portes-ouvertes-2021-11-vallee-cailloux\\\/#primaryimage\"},\"thumbnailUrl\":\"https:\\\/\\\/www.agrikomp.com\\\/wp-content\\\/uploads\\\/AKFR_WEB_2111_actu-valle-cailloux_335x300.jpg\",\"datePublished\":\"2021-10-07T14:53:50+00:00\",\"dateModified\":\"2022-08-23T07:57:19+00:00\",\"description\":\"Profitez de ces Journ\u00e9es Portes Ouvertes pour d\u00e9couvrir l'exploitation agricole et la m\u00e9thanisation, les 26 et 27 novembre prochains!\",\"breadcrumb\":{\"@id\":\"https:\\\/\\\/www.agrikomp.com\\\/fr\\\/actu-portes-ouvertes-2021-11-vallee-cailloux\\\/#breadcrumb\"},\"inLanguage\":\"fr-FR\",\"potentialAction\":[{\"@type\":\"ReadAction\",\"target\":[\"https:\\\/\\\/www.agrikomp.com\\\/fr\\\/actu-portes-ouvertes-2021-11-vallee-cailloux\\\/\"]}]},{\"@type\":\"ImageObject\",\"inLanguage\":\"fr-FR\",\"@id\":\"https:\\\/\\\/www.agrikomp.com\\\/fr\\\/actu-portes-ouvertes-2021-11-vallee-cailloux\\\/#primaryimage\",\"url\":\"https:\\\/\\\/www.agrikomp.com\\\/wp-content\\\/uploads\\\/AKFR_WEB_2111_actu-valle-cailloux_335x300.jpg\",\"contentUrl\":\"https:\\\/\\\/www.agrikomp.com\\\/wp-content\\\/uploads\\\/AKFR_WEB_2111_actu-valle-cailloux_335x300.jpg\",\"width\":335,\"height\":300},{\"@type\":\"BreadcrumbList\",\"@id\":\"https:\\\/\\\/www.agrikomp.com\\\/fr\\\/actu-portes-ouvertes-2021-11-vallee-cailloux\\\/#breadcrumb\",\"itemListElement\":[{\"@type\":\"ListItem\",\"position\":1,\"name\":\"Accueil\",\"item\":\"https:\\\/\\\/www.agrikomp.com\\\/fr\\\/\"},{\"@type\":\"ListItem\",\"position\":2,\"name\":\"Ev\u00e9nements\",\"item\":\"https:\\\/\\\/www.agrikomp.com\\\/fr\\\/category\\\/evenements\\\/\"},{\"@type\":\"ListItem\",\"position\":3,\"name\":\"SAS VALL\u00c9E CAILLOUX \u2758 26&#038;27\\\/11\\\/2021 \u00e0 Belloy-sur-Somme (80)\"}]},{\"@type\":\"WebSite\",\"@id\":\"https:\\\/\\\/agrikomp.com\\\/de\\\/#website\",\"url\":\"https:\\\/\\\/agrikomp.com\\\/de\\\/\",\"name\":\"agriKomp GmbH\",\"description\":\"Biogasanlagen und Biogastechnik wie sie gebraucht wird\",\"publisher\":{\"@id\":\"https:\\\/\\\/agrikomp.com\\\/de\\\/#organization\"},\"potentialAction\":[{\"@type\":\"SearchAction\",\"target\":{\"@type\":\"EntryPoint\",\"urlTemplate\":\"https:\\\/\\\/agrikomp.com\\\/de\\\/?s={search_term_string}\"},\"query-input\":{\"@type\":\"PropertyValueSpecification\",\"valueRequired\":true,\"valueName\":\"search_term_string\"}}],\"inLanguage\":\"fr-FR\"},{\"@type\":\"Organization\",\"@id\":\"https:\\\/\\\/agrikomp.com\\\/de\\\/#organization\",\"name\":\"agriKomp\",\"url\":\"https:\\\/\\\/agrikomp.com\\\/de\\\/\",\"logo\":{\"@type\":\"ImageObject\",\"inLanguage\":\"fr-FR\",\"@id\":\"https:\\\/\\\/agrikomp.com\\\/de\\\/#\\\/schema\\\/logo\\\/image\\\/\",\"url\":\"https:\\\/\\\/www.agrikomp.com\\\/wp-content\\\/uploads\\\/2020\\\/11\\\/150224_aKlogo-grau_quer.png\",\"contentUrl\":\"https:\\\/\\\/www.agrikomp.com\\\/wp-content\\\/uploads\\\/2020\\\/11\\\/150224_aKlogo-grau_quer.png\",\"width\":2712,\"height\":482,\"caption\":\"agriKomp\"},\"image\":{\"@id\":\"https:\\\/\\\/agrikomp.com\\\/de\\\/#\\\/schema\\\/logo\\\/image\\\/\"},\"sameAs\":[\"https:\\\/\\\/www.facebook.com\\\/agriKomp.Deutschland\",\"https:\\\/\\\/www.instagram.com\\\/agrikomp\\\/?hl=en\",\"https:\\\/\\\/www.linkedin.com\\\/company\\\/5254243\\\/\",\"https:\\\/\\\/www.youtube.com\\\/@AgrikompDeutschland\"]},{\"@type\":\"Person\",\"@id\":\"https:\\\/\\\/agrikomp.com\\\/de\\\/#\\\/schema\\\/person\\\/21a6b039c11b2366d4f9010240d5e880\",\"name\":\"Marketing France\"}]}<\/script>\n<!-- \/ Yoast SEO Premium plugin. -->","yoast_head_json":{"title":"Visitez SAS VALL\u00c9E CAILLOUX \u2758 26&27\/11\/2021 \u00e0 Belloy-sur-Somme (80)","description":"Profitez de ces Journ\u00e9es Portes Ouvertes pour d\u00e9couvrir l'exploitation agricole et la m\u00e9thanisation, les 26 et 27 novembre prochains!","robots":{"index":"index","follow":"follow","max-snippet":"max-snippet:-1","max-image-preview":"max-image-preview:large","max-video-preview":"max-video-preview:-1"},"canonical":"https:\/\/www.agrikomp.com\/fr\/actu-portes-ouvertes-2021-11-vallee-cailloux\/","og_locale":"fr_FR","og_type":"article","og_title":"SAS VALL\u00c9E CAILLOUX \u2758 26&27\/11\/2021 \u00e0 Belloy-sur-Somme (80)","og_description":"Profitez de ces Journ\u00e9es Portes Ouvertes pour d\u00e9couvrir l'exploitation agricole et la m\u00e9thanisation, les 26 et 27 novembre prochains!","og_url":"https:\/\/www.agrikomp.com\/fr\/actu-portes-ouvertes-2021-11-vallee-cailloux\/","og_site_name":"agriKomp GmbH","article_publisher":"https:\/\/www.facebook.com\/agriKomp.Deutschland","article_published_time":"2021-10-07T14:53:50+00:00","article_modified_time":"2022-08-23T07:57:19+00:00","og_image":[{"width":335,"height":300,"url":"https:\/\/www.agrikomp.com\/wp-content\/uploads\/AKFR_WEB_2111_actu-valle-cailloux_335x300.jpg","type":"image\/jpeg"}],"author":"Marketing France","twitter_card":"summary_large_image","twitter_misc":{"\u00c9crit par":"Marketing France","Dur\u00e9e de lecture estim\u00e9e":"3 minutes"},"schema":{"@context":"https:\/\/schema.org","@graph":[{"@type":"Article","@id":"https:\/\/www.agrikomp.com\/fr\/actu-portes-ouvertes-2021-11-vallee-cailloux\/#article","isPartOf":{"@id":"https:\/\/www.agrikomp.com\/fr\/actu-portes-ouvertes-2021-11-vallee-cailloux\/"},"author":{"name":"Marketing France","@id":"https:\/\/agrikomp.com\/de\/#\/schema\/person\/21a6b039c11b2366d4f9010240d5e880"},"headline":"SAS VALL\u00c9E CAILLOUX \u2758 26&#038;27\/11\/2021 \u00e0 Belloy-sur-Somme (80)","datePublished":"2021-10-07T14:53:50+00:00","dateModified":"2022-08-23T07:57:19+00:00","mainEntityOfPage":{"@id":"https:\/\/www.agrikomp.com\/fr\/actu-portes-ouvertes-2021-11-vallee-cailloux\/"},"wordCount":353,"publisher":{"@id":"https:\/\/agrikomp.com\/de\/#organization"},"image":{"@id":"https:\/\/www.agrikomp.com\/fr\/actu-portes-ouvertes-2021-11-vallee-cailloux\/#primaryimage"},"thumbnailUrl":"https:\/\/www.agrikomp.com\/wp-content\/uploads\/AKFR_WEB_2111_actu-valle-cailloux_335x300.jpg","articleSection":["Ev\u00e9nements"],"inLanguage":"fr-FR"},{"@type":"WebPage","@id":"https:\/\/www.agrikomp.com\/fr\/actu-portes-ouvertes-2021-11-vallee-cailloux\/","url":"https:\/\/www.agrikomp.com\/fr\/actu-portes-ouvertes-2021-11-vallee-cailloux\/","name":"Visitez SAS VALL\u00c9E CAILLOUX \u2758 26&27\/11\/2021 \u00e0 Belloy-sur-Somme (80)","isPartOf":{"@id":"https:\/\/agrikomp.com\/de\/#website"},"primaryImageOfPage":{"@id":"https:\/\/www.agrikomp.com\/fr\/actu-portes-ouvertes-2021-11-vallee-cailloux\/#primaryimage"},"image":{"@id":"https:\/\/www.agrikomp.com\/fr\/actu-portes-ouvertes-2021-11-vallee-cailloux\/#primaryimage"},"thumbnailUrl":"https:\/\/www.agrikomp.com\/wp-content\/uploads\/AKFR_WEB_2111_actu-valle-cailloux_335x300.jpg","datePublished":"2021-10-07T14:53:50+00:00","dateModified":"2022-08-23T07:57:19+00:00","description":"Profitez de ces Journ\u00e9es Portes Ouvertes pour d\u00e9couvrir l'exploitation agricole et la m\u00e9thanisation, les 26 et 27 novembre prochains!","breadcrumb":{"@id":"https:\/\/www.agrikomp.com\/fr\/actu-portes-ouvertes-2021-11-vallee-cailloux\/#breadcrumb"},"inLanguage":"fr-FR","potentialAction":[{"@type":"ReadAction","target":["https:\/\/www.agrikomp.com\/fr\/actu-portes-ouvertes-2021-11-vallee-cailloux\/"]}]},{"@type":"ImageObject","inLanguage":"fr-FR","@id":"https:\/\/www.agrikomp.com\/fr\/actu-portes-ouvertes-2021-11-vallee-cailloux\/#primaryimage","url":"https:\/\/www.agrikomp.com\/wp-content\/uploads\/AKFR_WEB_2111_actu-valle-cailloux_335x300.jpg","contentUrl":"https:\/\/www.agrikomp.com\/wp-content\/uploads\/AKFR_WEB_2111_actu-valle-cailloux_335x300.jpg","width":335,"height":300},{"@type":"BreadcrumbList","@id":"https:\/\/www.agrikomp.com\/fr\/actu-portes-ouvertes-2021-11-vallee-cailloux\/#breadcrumb","itemListElement":[{"@type":"ListItem","position":1,"name":"Accueil","item":"https:\/\/www.agrikomp.com\/fr\/"},{"@type":"ListItem","position":2,"name":"Ev\u00e9nements","item":"https:\/\/www.agrikomp.com\/fr\/category\/evenements\/"},{"@type":"ListItem","position":3,"name":"SAS VALL\u00c9E CAILLOUX \u2758 26&#038;27\/11\/2021 \u00e0 Belloy-sur-Somme (80)"}]},{"@type":"WebSite","@id":"https:\/\/agrikomp.com\/de\/#website","url":"https:\/\/agrikomp.com\/de\/","name":"agriKomp GmbH","description":"Biogasanlagen und Biogastechnik wie sie gebraucht wird","publisher":{"@id":"https:\/\/agrikomp.com\/de\/#organization"},"potentialAction":[{"@type":"SearchAction","target":{"@type":"EntryPoint","urlTemplate":"https:\/\/agrikomp.com\/de\/?s={search_term_string}"},"query-input":{"@type":"PropertyValueSpecification","valueRequired":true,"valueName":"search_term_string"}}],"inLanguage":"fr-FR"},{"@type":"Organization","@id":"https:\/\/agrikomp.com\/de\/#organization","name":"agriKomp","url":"https:\/\/agrikomp.com\/de\/","logo":{"@type":"ImageObject","inLanguage":"fr-FR","@id":"https:\/\/agrikomp.com\/de\/#\/schema\/logo\/image\/","url":"https:\/\/www.agrikomp.com\/wp-content\/uploads\/2020\/11\/150224_aKlogo-grau_quer.png","contentUrl":"https:\/\/www.agrikomp.com\/wp-content\/uploads\/2020\/11\/150224_aKlogo-grau_quer.png","width":2712,"height":482,"caption":"agriKomp"},"image":{"@id":"https:\/\/agrikomp.com\/de\/#\/schema\/logo\/image\/"},"sameAs":["https:\/\/www.facebook.com\/agriKomp.Deutschland","https:\/\/www.instagram.com\/agrikomp\/?hl=en","https:\/\/www.linkedin.com\/company\/5254243\/","https:\/\/www.youtube.com\/@AgrikompDeutschland"]},{"@type":"Person","@id":"https:\/\/agrikomp.com\/de\/#\/schema\/person\/21a6b039c11b2366d4f9010240d5e880","name":"Marketing France"}]}},"_links":{"self":[{"href":"https:\/\/www.agrikomp.com\/fr\/wp-json\/wp\/v2\/posts\/16084","targetHints":{"allow":["GET"]}}],"collection":[{"href":"https:\/\/www.agrikomp.com\/fr\/wp-json\/wp\/v2\/posts"}],"about":[{"href":"https:\/\/www.agrikomp.com\/fr\/wp-json\/wp\/v2\/types\/post"}],"author":[{"embeddable":true,"href":"https:\/\/www.agrikomp.com\/fr\/wp-json\/wp\/v2\/users\/6"}],"replies":[{"embeddable":true,"href":"https:\/\/www.agrikomp.com\/fr\/wp-json\/wp\/v2\/comments?post=16084"}],"version-history":[{"count":42,"href":"https:\/\/www.agrikomp.com\/fr\/wp-json\/wp\/v2\/posts\/16084\/revisions"}],"predecessor-version":[{"id":16422,"href":"https:\/\/www.agrikomp.com\/fr\/wp-json\/wp\/v2\/posts\/16084\/revisions\/16422"}],"wp:featuredmedia":[{"embeddable":true,"href":"https:\/\/www.agrikomp.com\/fr\/wp-json\/wp\/v2\/media\/16305"}],"wp:attachment":[{"href":"https:\/\/www.agrikomp.com\/fr\/wp-json\/wp\/v2\/media?parent=16084"}],"wp:term":[{"taxonomy":"category","embeddable":true,"href":"https:\/\/www.agrikomp.com\/fr\/wp-json\/wp\/v2\/categories?post=16084"},{"taxonomy":"post_tag","embeddable":true,"href":"https:\/\/www.agrikomp.com\/fr\/wp-json\/wp\/v2\/tags?post=16084"}],"curies":[{"name":"wp","href":"https:\/\/api.w.org\/{rel}","templated":true}]}}