{"id":39553,"date":"2024-06-12T12:34:23","date_gmt":"2024-06-12T12:34:23","guid":{"rendered":"https:\/\/www.agrikomp.com\/?p=39553"},"modified":"2024-06-12T13:09:19","modified_gmt":"2024-06-12T13:09:19","slug":"vyuziti-technologie-pestovani-kukurice-formou-smisene-kultury-k-vyrobe-silaze-vyuzitelne-v-bioplynove-stanici","status":"publish","type":"post","link":"https:\/\/www.agrikomp.com\/cs\/vyuziti-technologie-pestovani-kukurice-formou-smisene-kultury-k-vyrobe-silaze-vyuzitelne-v-bioplynove-stanici\/","title":{"rendered":"Vyu\u017eit\u00ed technologie p\u011bstov\u00e1n\u00ed kuku\u0159ice formou sm\u00ed\u0161en\u00e9 kultury k v\u00fdrob\u011b sil\u00e1\u017ee vyu\u017eiteln\u00e9 v bioplynov\u00e9 stanici"},"content":{"rendered":"\t\t<div data-elementor-type=\"wp-post\" data-elementor-id=\"39553\" class=\"elementor elementor-39553\" data-elementor-post-type=\"post\">\n\t\t\t\t\t\t<section class=\"elementor-section elementor-top-section elementor-element elementor-element-2741f7f4 elementor-section-boxed elementor-section-height-default elementor-section-height-default\" data-id=\"2741f7f4\" data-element_type=\"section\" data-e-type=\"section\">\n\t\t\t\t\t\t<div class=\"elementor-container elementor-column-gap-default\">\n\t\t\t\t\t<div class=\"elementor-column elementor-col-100 elementor-top-column elementor-element elementor-element-5563a326\" data-id=\"5563a326\" data-element_type=\"column\" data-e-type=\"column\">\n\t\t\t<div class=\"elementor-widget-wrap elementor-element-populated\">\n\t\t\t\t\t\t<div class=\"elementor-element elementor-element-3e1cf515 elementor-widget elementor-widget-text-editor\" data-id=\"3e1cf515\" data-element_type=\"widget\" data-e-type=\"widget\" data-widget_type=\"text-editor.default\">\n\t\t\t\t<div class=\"elementor-widget-container\">\n\t\t\t\t\t\t\t\t\t<p><strong>O PROJEKTU<\/strong><br \/>C\u00edle projektu: Realizovan\u00e1 technologie je ekonomicky v\u00fdhodn\u011bj\u0161\u00ed a v\u00fdrazn\u011b \u0161etrn\u011bj\u0161\u00ed k \u017eivotn\u00edmu prost\u0159ed\u00ed, podpo\u0159\u00ed vyu\u017e\u00edv\u00e1n\u00ed obnoviteln\u00fdch zdroj\u016f \u2013 bioplynu, p\u011bstov\u00e1n\u00ed jedn\u00e9 z nejv\u00fdznamn\u011bj\u0161\u00edch\u00a0 energetick\u00fdch plodin kuku\u0159ice set\u00e9 (Zea mays) environment\u00e1ln\u011b p\u0159\u00edzniv\u011bj\u0161\u00edm zp\u016fsobem d\u00edky syst\u00e9mu sm\u00ed\u0161en\u00e9 kultury.<\/p><p><strong>Ozna\u010den\u00ed:<\/strong> TH02030681<br \/><strong>Origin\u00e1ln\u00ed jazyk:<\/strong> \u010de\u0161tina<br \/><strong>\u0158e\u0161itel\u00e9:<\/strong> Ing. Martin Mr\u016fzek Ph.D., Ing. Magda Vi\u010d\u00edkov\u00e1<br \/><strong>Doba \u0159e\u0161en\u00ed:<\/strong> 1\/2017 &#8211; 12\/2020<br \/><strong>Partne\u0159i projektu:<\/strong><br \/>Zem\u011bd\u011blsk\u00fd v\u00fdzkum, spol. s r.o. &#8211; hlavn\u00ed p\u0159\u00edjemce<br \/>agriKomp Bohemia, spol. s r.o.<br \/>Mendelova univerzita v Brn\u011b<br \/><strong>Zdroje financov\u00e1n\u00ed:<\/strong> Technologick\u00e1 agentura \u010cR \u2013 Program na podporu<br \/>aplikovan\u00e9ho v\u00fdzkumu a experiment\u00e1ln\u00edho v\u00fdvoje EPSILON<\/p>\t\t\t\t\t\t\t\t<\/div>\n\t\t\t\t<\/div>\n\t\t\t\t<div class=\"elementor-element elementor-element-8169f59 elementor-widget elementor-widget-image\" data-id=\"8169f59\" data-element_type=\"widget\" data-e-type=\"widget\" data-widget_type=\"image.default\">\n\t\t\t\t<div class=\"elementor-widget-container\">\n\t\t\t\t\t\t\t\t\t\t\t\t\t\t\t\t<a href=\"http:\/\/www.tacr.cz\" target=\"_blank\">\n\t\t\t\t\t\t\t<img fetchpriority=\"high\" decoding=\"async\" width=\"800\" height=\"219\" src=\"https:\/\/www.agrikomp.com\/wp-content\/uploads\/Bild5-1024x280.jpg\" class=\"attachment-large size-large wp-image-39519\" alt=\"\" srcset=\"https:\/\/www.agrikomp.com\/wp-content\/uploads\/Bild5-1024x280.jpg 1024w, https:\/\/www.agrikomp.com\/wp-content\/uploads\/Bild5-300x82.jpg 300w, https:\/\/www.agrikomp.com\/wp-content\/uploads\/Bild5-768x210.jpg 768w, https:\/\/www.agrikomp.com\/wp-content\/uploads\/Bild5.jpg 1080w\" sizes=\"(max-width: 800px) 100vw, 800px\" \/>\t\t\t\t\t\t\t\t<\/a>\n\t\t\t\t\t\t\t\t\t\t\t\t\t\t\t<\/div>\n\t\t\t\t<\/div>\n\t\t\t\t\t<\/div>\n\t\t<\/div>\n\t\t\t\t\t<\/div>\n\t\t<\/section>\n\t\t\t\t<\/div>\n\t\t","protected":false},"excerpt":{"rendered":"<p>O PROJEKTUC\u00edle projektu: Realizovan\u00e1 technologie je ekonomicky v\u00fdhodn\u011bj\u0161\u00ed a v\u00fdrazn\u011b \u0161etrn\u011bj\u0161\u00ed k \u017eivotn\u00edmu prost\u0159ed\u00ed, podpo\u0159\u00ed vyu\u017e\u00edv\u00e1n\u00ed obnoviteln\u00fdch zdroj\u016f \u2013 bioplynu, p\u011bstov\u00e1n\u00ed jedn\u00e9 z nejv\u00fdznamn\u011bj\u0161\u00edch\u00a0 energetick\u00fdch plodin kuku\u0159ice set\u00e9 (Zea mays) environment\u00e1ln\u011b p\u0159\u00edzniv\u011bj\u0161\u00edm zp\u016fsobem d\u00edky syst\u00e9mu sm\u00ed\u0161en\u00e9 kultury. Ozna\u010den\u00ed: TH02030681Origin\u00e1ln\u00ed jazyk: \u010de\u0161tina\u0158e\u0161itel\u00e9: Ing. Martin Mr\u016fzek Ph.D., Ing. Magda Vi\u010d\u00edkov\u00e1Doba \u0159e\u0161en\u00ed: 1\/2017 &#8211; 12\/2020Partne\u0159i projektu:Zem\u011bd\u011blsk\u00fd v\u00fdzkum, spol. [&hellip;]<\/p>\n","protected":false},"author":2,"featured_media":19943,"comment_status":"closed","ping_status":"closed","sticky":false,"template":"","format":"standard","meta":{"footnotes":""},"categories":[269],"tags":[],"class_list":["post-39553","post","type-post","status-publish","format-standard","has-post-thumbnail","hentry","category-eu-projekte-ukoncene"],"yoast_head":"<!-- This site is optimized with the Yoast SEO Premium plugin v27.4 (Yoast SEO v27.5) - https:\/\/yoast.com\/product\/yoast-seo-premium-wordpress\/ -->\n<title>Vyu\u017eit\u00ed technologie p\u011bstov\u00e1n\u00ed kuku\u0159ice formou sm\u00ed\u0161en\u00e9 kultury k v\u00fdrob\u011b sil\u00e1\u017ee vyu\u017eiteln\u00e9 v bioplynov\u00e9 stanici - agriKomp GmbH<\/title>\n<meta name=\"robots\" content=\"index, follow, max-snippet:-1, max-image-preview:large, max-video-preview:-1\" \/>\n<link rel=\"canonical\" href=\"https:\/\/www.agrikomp.com\/cs\/vyuziti-technologie-pestovani-kukurice-formou-smisene-kultury-k-vyrobe-silaze-vyuzitelne-v-bioplynove-stanici\/\" \/>\n<meta property=\"og:locale\" content=\"cs_CZ\" \/>\n<meta property=\"og:type\" content=\"article\" \/>\n<meta property=\"og:title\" content=\"Vyu\u017eit\u00ed technologie p\u011bstov\u00e1n\u00ed kuku\u0159ice formou sm\u00ed\u0161en\u00e9 kultury k v\u00fdrob\u011b sil\u00e1\u017ee vyu\u017eiteln\u00e9 v bioplynov\u00e9 stanici\" \/>\n<meta property=\"og:description\" content=\"O PROJEKTUC\u00edle projektu: Realizovan\u00e1 technologie je ekonomicky v\u00fdhodn\u011bj\u0161\u00ed a v\u00fdrazn\u011b \u0161etrn\u011bj\u0161\u00ed k \u017eivotn\u00edmu prost\u0159ed\u00ed, podpo\u0159\u00ed vyu\u017e\u00edv\u00e1n\u00ed obnoviteln\u00fdch zdroj\u016f \u2013 bioplynu, p\u011bstov\u00e1n\u00ed jedn\u00e9 z nejv\u00fdznamn\u011bj\u0161\u00edch\u00a0 energetick\u00fdch plodin kuku\u0159ice set\u00e9 (Zea mays) environment\u00e1ln\u011b p\u0159\u00edzniv\u011bj\u0161\u00edm zp\u016fsobem d\u00edky syst\u00e9mu sm\u00ed\u0161en\u00e9 kultury. Ozna\u010den\u00ed: TH02030681Origin\u00e1ln\u00ed jazyk: \u010de\u0161tina\u0158e\u0161itel\u00e9: Ing. Martin Mr\u016fzek Ph.D., Ing. Magda Vi\u010d\u00edkov\u00e1Doba \u0159e\u0161en\u00ed: 1\/2017 &#8211; 12\/2020Partne\u0159i projektu:Zem\u011bd\u011blsk\u00fd v\u00fdzkum, spol. [&hellip;]\" \/>\n<meta property=\"og:url\" content=\"https:\/\/www.agrikomp.com\/cs\/vyuziti-technologie-pestovani-kukurice-formou-smisene-kultury-k-vyrobe-silaze-vyuzitelne-v-bioplynove-stanici\/\" \/>\n<meta property=\"og:site_name\" content=\"agriKomp GmbH\" \/>\n<meta property=\"article:publisher\" content=\"https:\/\/www.facebook.com\/agriKomp.Deutschland\" \/>\n<meta property=\"article:published_time\" content=\"2024-06-12T12:34:23+00:00\" \/>\n<meta property=\"article:modified_time\" content=\"2024-06-12T13:09:19+00:00\" \/>\n<meta property=\"og:image\" content=\"https:\/\/www.agrikomp.com\/wp-content\/uploads\/2021\/03\/ak_mkd_gebaeude_halle_web-e1619435923634.jpg\" \/>\n\t<meta property=\"og:image:width\" content=\"1199\" \/>\n\t<meta property=\"og:image:height\" content=\"799\" \/>\n\t<meta property=\"og:image:type\" content=\"image\/jpeg\" \/>\n<meta name=\"author\" content=\"Marketing\" \/>\n<meta name=\"twitter:card\" content=\"summary_large_image\" \/>\n<meta name=\"twitter:label1\" content=\"Napsal(a)\" \/>\n\t<meta name=\"twitter:data1\" content=\"Marketing\" \/>\n\t<meta name=\"twitter:label2\" content=\"Odhadovan\u00e1 doba \u010dten\u00ed\" \/>\n\t<meta name=\"twitter:data2\" content=\"1 minuta\" \/>\n<script type=\"application\/ld+json\" class=\"yoast-schema-graph\">{\"@context\":\"https:\\\/\\\/schema.org\",\"@graph\":[{\"@type\":\"Article\",\"@id\":\"https:\\\/\\\/www.agrikomp.com\\\/cs\\\/vyuziti-technologie-pestovani-kukurice-formou-smisene-kultury-k-vyrobe-silaze-vyuzitelne-v-bioplynove-stanici\\\/#article\",\"isPartOf\":{\"@id\":\"https:\\\/\\\/www.agrikomp.com\\\/cs\\\/vyuziti-technologie-pestovani-kukurice-formou-smisene-kultury-k-vyrobe-silaze-vyuzitelne-v-bioplynove-stanici\\\/\"},\"author\":{\"name\":\"Marketing\",\"@id\":\"https:\\\/\\\/agrikomp.com\\\/de\\\/#\\\/schema\\\/person\\\/a3ba8302bf07269c05c54df9a6ed2310\"},\"headline\":\"Vyu\u017eit\u00ed technologie p\u011bstov\u00e1n\u00ed kuku\u0159ice formou sm\u00ed\u0161en\u00e9 kultury k v\u00fdrob\u011b sil\u00e1\u017ee vyu\u017eiteln\u00e9 v bioplynov\u00e9 stanici\",\"datePublished\":\"2024-06-12T12:34:23+00:00\",\"dateModified\":\"2024-06-12T13:09:19+00:00\",\"mainEntityOfPage\":{\"@id\":\"https:\\\/\\\/www.agrikomp.com\\\/cs\\\/vyuziti-technologie-pestovani-kukurice-formou-smisene-kultury-k-vyrobe-silaze-vyuzitelne-v-bioplynove-stanici\\\/\"},\"wordCount\":152,\"publisher\":{\"@id\":\"https:\\\/\\\/agrikomp.com\\\/de\\\/#organization\"},\"image\":{\"@id\":\"https:\\\/\\\/www.agrikomp.com\\\/cs\\\/vyuziti-technologie-pestovani-kukurice-formou-smisene-kultury-k-vyrobe-silaze-vyuzitelne-v-bioplynove-stanici\\\/#primaryimage\"},\"thumbnailUrl\":\"https:\\\/\\\/www.agrikomp.com\\\/wp-content\\\/uploads\\\/2021\\\/03\\\/ak_mkd_gebaeude_halle_web-e1619435923634.jpg\",\"articleSection\":[\"EU-Projekte ukon\u010den\u00e9\"],\"inLanguage\":\"cs\"},{\"@type\":\"WebPage\",\"@id\":\"https:\\\/\\\/www.agrikomp.com\\\/cs\\\/vyuziti-technologie-pestovani-kukurice-formou-smisene-kultury-k-vyrobe-silaze-vyuzitelne-v-bioplynove-stanici\\\/\",\"url\":\"https:\\\/\\\/www.agrikomp.com\\\/cs\\\/vyuziti-technologie-pestovani-kukurice-formou-smisene-kultury-k-vyrobe-silaze-vyuzitelne-v-bioplynove-stanici\\\/\",\"name\":\"Vyu\u017eit\u00ed technologie p\u011bstov\u00e1n\u00ed kuku\u0159ice formou sm\u00ed\u0161en\u00e9 kultury k v\u00fdrob\u011b sil\u00e1\u017ee vyu\u017eiteln\u00e9 v bioplynov\u00e9 stanici - agriKomp GmbH\",\"isPartOf\":{\"@id\":\"https:\\\/\\\/agrikomp.com\\\/de\\\/#website\"},\"primaryImageOfPage\":{\"@id\":\"https:\\\/\\\/www.agrikomp.com\\\/cs\\\/vyuziti-technologie-pestovani-kukurice-formou-smisene-kultury-k-vyrobe-silaze-vyuzitelne-v-bioplynove-stanici\\\/#primaryimage\"},\"image\":{\"@id\":\"https:\\\/\\\/www.agrikomp.com\\\/cs\\\/vyuziti-technologie-pestovani-kukurice-formou-smisene-kultury-k-vyrobe-silaze-vyuzitelne-v-bioplynove-stanici\\\/#primaryimage\"},\"thumbnailUrl\":\"https:\\\/\\\/www.agrikomp.com\\\/wp-content\\\/uploads\\\/2021\\\/03\\\/ak_mkd_gebaeude_halle_web-e1619435923634.jpg\",\"datePublished\":\"2024-06-12T12:34:23+00:00\",\"dateModified\":\"2024-06-12T13:09:19+00:00\",\"breadcrumb\":{\"@id\":\"https:\\\/\\\/www.agrikomp.com\\\/cs\\\/vyuziti-technologie-pestovani-kukurice-formou-smisene-kultury-k-vyrobe-silaze-vyuzitelne-v-bioplynove-stanici\\\/#breadcrumb\"},\"inLanguage\":\"cs\",\"potentialAction\":[{\"@type\":\"ReadAction\",\"target\":[\"https:\\\/\\\/www.agrikomp.com\\\/cs\\\/vyuziti-technologie-pestovani-kukurice-formou-smisene-kultury-k-vyrobe-silaze-vyuzitelne-v-bioplynove-stanici\\\/\"]}]},{\"@type\":\"ImageObject\",\"inLanguage\":\"cs\",\"@id\":\"https:\\\/\\\/www.agrikomp.com\\\/cs\\\/vyuziti-technologie-pestovani-kukurice-formou-smisene-kultury-k-vyrobe-silaze-vyuzitelne-v-bioplynove-stanici\\\/#primaryimage\",\"url\":\"https:\\\/\\\/www.agrikomp.com\\\/wp-content\\\/uploads\\\/2021\\\/03\\\/ak_mkd_gebaeude_halle_web-e1619435923634.jpg\",\"contentUrl\":\"https:\\\/\\\/www.agrikomp.com\\\/wp-content\\\/uploads\\\/2021\\\/03\\\/ak_mkd_gebaeude_halle_web-e1619435923634.jpg\",\"width\":1199,\"height\":799,\"caption\":\"agriKomp Bohemia\"},{\"@type\":\"BreadcrumbList\",\"@id\":\"https:\\\/\\\/www.agrikomp.com\\\/cs\\\/vyuziti-technologie-pestovani-kukurice-formou-smisene-kultury-k-vyrobe-silaze-vyuzitelne-v-bioplynove-stanici\\\/#breadcrumb\",\"itemListElement\":[{\"@type\":\"ListItem\",\"position\":1,\"name\":\"Homepage\",\"item\":\"https:\\\/\\\/www.agrikomp.com\\\/cs\\\/\"},{\"@type\":\"ListItem\",\"position\":2,\"name\":\"EU-Projekte\",\"item\":\"https:\\\/\\\/www.agrikomp.com\\\/cs\\\/category\\\/eu-projekte-cs\\\/\"},{\"@type\":\"ListItem\",\"position\":3,\"name\":\"EU-Projekte ukon\u010den\u00e9\",\"item\":\"https:\\\/\\\/www.agrikomp.com\\\/cs\\\/category\\\/eu-projekte-cs\\\/eu-projekte-ukoncene\\\/\"},{\"@type\":\"ListItem\",\"position\":4,\"name\":\"Vyu\u017eit\u00ed technologie p\u011bstov\u00e1n\u00ed kuku\u0159ice formou sm\u00ed\u0161en\u00e9 kultury k v\u00fdrob\u011b sil\u00e1\u017ee vyu\u017eiteln\u00e9 v bioplynov\u00e9 stanici\"}]},{\"@type\":\"WebSite\",\"@id\":\"https:\\\/\\\/agrikomp.com\\\/de\\\/#website\",\"url\":\"https:\\\/\\\/agrikomp.com\\\/de\\\/\",\"name\":\"agriKomp GmbH\",\"description\":\"Biogasanlagen und Biogastechnik wie sie gebraucht wird\",\"publisher\":{\"@id\":\"https:\\\/\\\/agrikomp.com\\\/de\\\/#organization\"},\"potentialAction\":[{\"@type\":\"SearchAction\",\"target\":{\"@type\":\"EntryPoint\",\"urlTemplate\":\"https:\\\/\\\/agrikomp.com\\\/de\\\/?s={search_term_string}\"},\"query-input\":{\"@type\":\"PropertyValueSpecification\",\"valueRequired\":true,\"valueName\":\"search_term_string\"}}],\"inLanguage\":\"cs\"},{\"@type\":\"Organization\",\"@id\":\"https:\\\/\\\/agrikomp.com\\\/de\\\/#organization\",\"name\":\"agriKomp\",\"url\":\"https:\\\/\\\/agrikomp.com\\\/de\\\/\",\"logo\":{\"@type\":\"ImageObject\",\"inLanguage\":\"cs\",\"@id\":\"https:\\\/\\\/agrikomp.com\\\/de\\\/#\\\/schema\\\/logo\\\/image\\\/\",\"url\":\"https:\\\/\\\/www.agrikomp.com\\\/wp-content\\\/uploads\\\/2020\\\/11\\\/150224_aKlogo-grau_quer.png\",\"contentUrl\":\"https:\\\/\\\/www.agrikomp.com\\\/wp-content\\\/uploads\\\/2020\\\/11\\\/150224_aKlogo-grau_quer.png\",\"width\":2560,\"height\":455,\"caption\":\"agriKomp\"},\"image\":{\"@id\":\"https:\\\/\\\/agrikomp.com\\\/de\\\/#\\\/schema\\\/logo\\\/image\\\/\"},\"sameAs\":[\"https:\\\/\\\/www.facebook.com\\\/agriKomp.Deutschland\",\"https:\\\/\\\/www.instagram.com\\\/agrikomp\\\/?hl=en\",\"https:\\\/\\\/www.linkedin.com\\\/company\\\/5254243\\\/\",\"https:\\\/\\\/www.youtube.com\\\/@AgrikompDeutschland\"]},{\"@type\":\"Person\",\"@id\":\"https:\\\/\\\/agrikomp.com\\\/de\\\/#\\\/schema\\\/person\\\/a3ba8302bf07269c05c54df9a6ed2310\",\"name\":\"Marketing\"}]}<\/script>\n<!-- \/ Yoast SEO Premium plugin. -->","yoast_head_json":{"title":"Vyu\u017eit\u00ed technologie p\u011bstov\u00e1n\u00ed kuku\u0159ice formou sm\u00ed\u0161en\u00e9 kultury k v\u00fdrob\u011b sil\u00e1\u017ee vyu\u017eiteln\u00e9 v bioplynov\u00e9 stanici - agriKomp GmbH","robots":{"index":"index","follow":"follow","max-snippet":"max-snippet:-1","max-image-preview":"max-image-preview:large","max-video-preview":"max-video-preview:-1"},"canonical":"https:\/\/www.agrikomp.com\/cs\/vyuziti-technologie-pestovani-kukurice-formou-smisene-kultury-k-vyrobe-silaze-vyuzitelne-v-bioplynove-stanici\/","og_locale":"cs_CZ","og_type":"article","og_title":"Vyu\u017eit\u00ed technologie p\u011bstov\u00e1n\u00ed kuku\u0159ice formou sm\u00ed\u0161en\u00e9 kultury k v\u00fdrob\u011b sil\u00e1\u017ee vyu\u017eiteln\u00e9 v bioplynov\u00e9 stanici","og_description":"O PROJEKTUC\u00edle projektu: Realizovan\u00e1 technologie je ekonomicky v\u00fdhodn\u011bj\u0161\u00ed a v\u00fdrazn\u011b \u0161etrn\u011bj\u0161\u00ed k \u017eivotn\u00edmu prost\u0159ed\u00ed, podpo\u0159\u00ed vyu\u017e\u00edv\u00e1n\u00ed obnoviteln\u00fdch zdroj\u016f \u2013 bioplynu, p\u011bstov\u00e1n\u00ed jedn\u00e9 z nejv\u00fdznamn\u011bj\u0161\u00edch\u00a0 energetick\u00fdch plodin kuku\u0159ice set\u00e9 (Zea mays) environment\u00e1ln\u011b p\u0159\u00edzniv\u011bj\u0161\u00edm zp\u016fsobem d\u00edky syst\u00e9mu sm\u00ed\u0161en\u00e9 kultury. Ozna\u010den\u00ed: TH02030681Origin\u00e1ln\u00ed jazyk: \u010de\u0161tina\u0158e\u0161itel\u00e9: Ing. Martin Mr\u016fzek Ph.D., Ing. Magda Vi\u010d\u00edkov\u00e1Doba \u0159e\u0161en\u00ed: 1\/2017 &#8211; 12\/2020Partne\u0159i projektu:Zem\u011bd\u011blsk\u00fd v\u00fdzkum, spol. [&hellip;]","og_url":"https:\/\/www.agrikomp.com\/cs\/vyuziti-technologie-pestovani-kukurice-formou-smisene-kultury-k-vyrobe-silaze-vyuzitelne-v-bioplynove-stanici\/","og_site_name":"agriKomp GmbH","article_publisher":"https:\/\/www.facebook.com\/agriKomp.Deutschland","article_published_time":"2024-06-12T12:34:23+00:00","article_modified_time":"2024-06-12T13:09:19+00:00","og_image":[{"width":1199,"height":799,"url":"https:\/\/www.agrikomp.com\/wp-content\/uploads\/2021\/03\/ak_mkd_gebaeude_halle_web-e1619435923634.jpg","type":"image\/jpeg"}],"author":"Marketing","twitter_card":"summary_large_image","twitter_misc":{"Napsal(a)":"Marketing","Odhadovan\u00e1 doba \u010dten\u00ed":"1 minuta"},"schema":{"@context":"https:\/\/schema.org","@graph":[{"@type":"Article","@id":"https:\/\/www.agrikomp.com\/cs\/vyuziti-technologie-pestovani-kukurice-formou-smisene-kultury-k-vyrobe-silaze-vyuzitelne-v-bioplynove-stanici\/#article","isPartOf":{"@id":"https:\/\/www.agrikomp.com\/cs\/vyuziti-technologie-pestovani-kukurice-formou-smisene-kultury-k-vyrobe-silaze-vyuzitelne-v-bioplynove-stanici\/"},"author":{"name":"Marketing","@id":"https:\/\/agrikomp.com\/de\/#\/schema\/person\/a3ba8302bf07269c05c54df9a6ed2310"},"headline":"Vyu\u017eit\u00ed technologie p\u011bstov\u00e1n\u00ed kuku\u0159ice formou sm\u00ed\u0161en\u00e9 kultury k v\u00fdrob\u011b sil\u00e1\u017ee vyu\u017eiteln\u00e9 v bioplynov\u00e9 stanici","datePublished":"2024-06-12T12:34:23+00:00","dateModified":"2024-06-12T13:09:19+00:00","mainEntityOfPage":{"@id":"https:\/\/www.agrikomp.com\/cs\/vyuziti-technologie-pestovani-kukurice-formou-smisene-kultury-k-vyrobe-silaze-vyuzitelne-v-bioplynove-stanici\/"},"wordCount":152,"publisher":{"@id":"https:\/\/agrikomp.com\/de\/#organization"},"image":{"@id":"https:\/\/www.agrikomp.com\/cs\/vyuziti-technologie-pestovani-kukurice-formou-smisene-kultury-k-vyrobe-silaze-vyuzitelne-v-bioplynove-stanici\/#primaryimage"},"thumbnailUrl":"https:\/\/www.agrikomp.com\/wp-content\/uploads\/2021\/03\/ak_mkd_gebaeude_halle_web-e1619435923634.jpg","articleSection":["EU-Projekte ukon\u010den\u00e9"],"inLanguage":"cs"},{"@type":"WebPage","@id":"https:\/\/www.agrikomp.com\/cs\/vyuziti-technologie-pestovani-kukurice-formou-smisene-kultury-k-vyrobe-silaze-vyuzitelne-v-bioplynove-stanici\/","url":"https:\/\/www.agrikomp.com\/cs\/vyuziti-technologie-pestovani-kukurice-formou-smisene-kultury-k-vyrobe-silaze-vyuzitelne-v-bioplynove-stanici\/","name":"Vyu\u017eit\u00ed technologie p\u011bstov\u00e1n\u00ed kuku\u0159ice formou sm\u00ed\u0161en\u00e9 kultury k v\u00fdrob\u011b sil\u00e1\u017ee vyu\u017eiteln\u00e9 v bioplynov\u00e9 stanici - agriKomp GmbH","isPartOf":{"@id":"https:\/\/agrikomp.com\/de\/#website"},"primaryImageOfPage":{"@id":"https:\/\/www.agrikomp.com\/cs\/vyuziti-technologie-pestovani-kukurice-formou-smisene-kultury-k-vyrobe-silaze-vyuzitelne-v-bioplynove-stanici\/#primaryimage"},"image":{"@id":"https:\/\/www.agrikomp.com\/cs\/vyuziti-technologie-pestovani-kukurice-formou-smisene-kultury-k-vyrobe-silaze-vyuzitelne-v-bioplynove-stanici\/#primaryimage"},"thumbnailUrl":"https:\/\/www.agrikomp.com\/wp-content\/uploads\/2021\/03\/ak_mkd_gebaeude_halle_web-e1619435923634.jpg","datePublished":"2024-06-12T12:34:23+00:00","dateModified":"2024-06-12T13:09:19+00:00","breadcrumb":{"@id":"https:\/\/www.agrikomp.com\/cs\/vyuziti-technologie-pestovani-kukurice-formou-smisene-kultury-k-vyrobe-silaze-vyuzitelne-v-bioplynove-stanici\/#breadcrumb"},"inLanguage":"cs","potentialAction":[{"@type":"ReadAction","target":["https:\/\/www.agrikomp.com\/cs\/vyuziti-technologie-pestovani-kukurice-formou-smisene-kultury-k-vyrobe-silaze-vyuzitelne-v-bioplynove-stanici\/"]}]},{"@type":"ImageObject","inLanguage":"cs","@id":"https:\/\/www.agrikomp.com\/cs\/vyuziti-technologie-pestovani-kukurice-formou-smisene-kultury-k-vyrobe-silaze-vyuzitelne-v-bioplynove-stanici\/#primaryimage","url":"https:\/\/www.agrikomp.com\/wp-content\/uploads\/2021\/03\/ak_mkd_gebaeude_halle_web-e1619435923634.jpg","contentUrl":"https:\/\/www.agrikomp.com\/wp-content\/uploads\/2021\/03\/ak_mkd_gebaeude_halle_web-e1619435923634.jpg","width":1199,"height":799,"caption":"agriKomp Bohemia"},{"@type":"BreadcrumbList","@id":"https:\/\/www.agrikomp.com\/cs\/vyuziti-technologie-pestovani-kukurice-formou-smisene-kultury-k-vyrobe-silaze-vyuzitelne-v-bioplynove-stanici\/#breadcrumb","itemListElement":[{"@type":"ListItem","position":1,"name":"Homepage","item":"https:\/\/www.agrikomp.com\/cs\/"},{"@type":"ListItem","position":2,"name":"EU-Projekte","item":"https:\/\/www.agrikomp.com\/cs\/category\/eu-projekte-cs\/"},{"@type":"ListItem","position":3,"name":"EU-Projekte ukon\u010den\u00e9","item":"https:\/\/www.agrikomp.com\/cs\/category\/eu-projekte-cs\/eu-projekte-ukoncene\/"},{"@type":"ListItem","position":4,"name":"Vyu\u017eit\u00ed technologie p\u011bstov\u00e1n\u00ed kuku\u0159ice formou sm\u00ed\u0161en\u00e9 kultury k v\u00fdrob\u011b sil\u00e1\u017ee vyu\u017eiteln\u00e9 v bioplynov\u00e9 stanici"}]},{"@type":"WebSite","@id":"https:\/\/agrikomp.com\/de\/#website","url":"https:\/\/agrikomp.com\/de\/","name":"agriKomp GmbH","description":"Biogasanlagen und Biogastechnik wie sie gebraucht wird","publisher":{"@id":"https:\/\/agrikomp.com\/de\/#organization"},"potentialAction":[{"@type":"SearchAction","target":{"@type":"EntryPoint","urlTemplate":"https:\/\/agrikomp.com\/de\/?s={search_term_string}"},"query-input":{"@type":"PropertyValueSpecification","valueRequired":true,"valueName":"search_term_string"}}],"inLanguage":"cs"},{"@type":"Organization","@id":"https:\/\/agrikomp.com\/de\/#organization","name":"agriKomp","url":"https:\/\/agrikomp.com\/de\/","logo":{"@type":"ImageObject","inLanguage":"cs","@id":"https:\/\/agrikomp.com\/de\/#\/schema\/logo\/image\/","url":"https:\/\/www.agrikomp.com\/wp-content\/uploads\/2020\/11\/150224_aKlogo-grau_quer.png","contentUrl":"https:\/\/www.agrikomp.com\/wp-content\/uploads\/2020\/11\/150224_aKlogo-grau_quer.png","width":2560,"height":455,"caption":"agriKomp"},"image":{"@id":"https:\/\/agrikomp.com\/de\/#\/schema\/logo\/image\/"},"sameAs":["https:\/\/www.facebook.com\/agriKomp.Deutschland","https:\/\/www.instagram.com\/agrikomp\/?hl=en","https:\/\/www.linkedin.com\/company\/5254243\/","https:\/\/www.youtube.com\/@AgrikompDeutschland"]},{"@type":"Person","@id":"https:\/\/agrikomp.com\/de\/#\/schema\/person\/a3ba8302bf07269c05c54df9a6ed2310","name":"Marketing"}]}},"_links":{"self":[{"href":"https:\/\/www.agrikomp.com\/cs\/wp-json\/wp\/v2\/posts\/39553","targetHints":{"allow":["GET"]}}],"collection":[{"href":"https:\/\/www.agrikomp.com\/cs\/wp-json\/wp\/v2\/posts"}],"about":[{"href":"https:\/\/www.agrikomp.com\/cs\/wp-json\/wp\/v2\/types\/post"}],"author":[{"embeddable":true,"href":"https:\/\/www.agrikomp.com\/cs\/wp-json\/wp\/v2\/users\/2"}],"replies":[{"embeddable":true,"href":"https:\/\/www.agrikomp.com\/cs\/wp-json\/wp\/v2\/comments?post=39553"}],"version-history":[{"count":7,"href":"https:\/\/www.agrikomp.com\/cs\/wp-json\/wp\/v2\/posts\/39553\/revisions"}],"predecessor-version":[{"id":39560,"href":"https:\/\/www.agrikomp.com\/cs\/wp-json\/wp\/v2\/posts\/39553\/revisions\/39560"}],"wp:featuredmedia":[{"embeddable":true,"href":"https:\/\/www.agrikomp.com\/cs\/wp-json\/wp\/v2\/media\/19943"}],"wp:attachment":[{"href":"https:\/\/www.agrikomp.com\/cs\/wp-json\/wp\/v2\/media?parent=39553"}],"wp:term":[{"taxonomy":"category","embeddable":true,"href":"https:\/\/www.agrikomp.com\/cs\/wp-json\/wp\/v2\/categories?post=39553"},{"taxonomy":"post_tag","embeddable":true,"href":"https:\/\/www.agrikomp.com\/cs\/wp-json\/wp\/v2\/tags?post=39553"}],"curies":[{"name":"wp","href":"https:\/\/api.w.org\/{rel}","templated":true}]}}