{"id":39539,"date":"2024-06-12T12:29:13","date_gmt":"2024-06-12T12:29:13","guid":{"rendered":"https:\/\/www.agrikomp.com\/?p=39539"},"modified":"2024-06-12T13:09:10","modified_gmt":"2024-06-12T13:09:10","slug":"podpora-bioekonomiky-v-malych-a-strednich-podnicich-be-in","status":"publish","type":"post","link":"https:\/\/www.agrikomp.com\/cs\/podpora-bioekonomiky-v-malych-a-strednich-podnicich-be-in\/","title":{"rendered":"Podpora BioEkonomiky v mal\u00fdch a st\u0159edn\u00edch podnic\u00edch \u2013 BE IN"},"content":{"rendered":"\t\t<div data-elementor-type=\"wp-post\" data-elementor-id=\"39539\" class=\"elementor elementor-39539\" data-elementor-post-type=\"post\">\n\t\t\t\t\t\t<section class=\"elementor-section elementor-top-section elementor-element elementor-element-2741f7f4 elementor-section-boxed elementor-section-height-default elementor-section-height-default\" data-id=\"2741f7f4\" data-element_type=\"section\" data-e-type=\"section\">\n\t\t\t\t\t\t<div class=\"elementor-container elementor-column-gap-default\">\n\t\t\t\t\t<div class=\"elementor-column elementor-col-100 elementor-top-column elementor-element elementor-element-5563a326\" data-id=\"5563a326\" data-element_type=\"column\" data-e-type=\"column\">\n\t\t\t<div class=\"elementor-widget-wrap elementor-element-populated\">\n\t\t\t\t\t\t<div class=\"elementor-element elementor-element-3e1cf515 elementor-widget elementor-widget-text-editor\" data-id=\"3e1cf515\" data-element_type=\"widget\" data-e-type=\"widget\" data-widget_type=\"text-editor.default\">\n\t\t\t\t<div class=\"elementor-widget-container\">\n\t\t\t\t\t\t\t\t\t<p><strong>O PROJEKTU<\/strong><br \/>Bioekonomika m\u016f\u017ee b\u00fdt ch\u00e1pana jako cesta k udr\u017eiteln\u00e9 produkci a udr\u017eiteln\u00e9mu rozvoji, je hlavn\u00ed prioritou Evropsk\u00e9 komise a odr\u00e1\u017e\u00ed se ve strategick\u00fdch dokumentech ale tak\u00e9 v aktu\u00e1ln\u011b otev\u0159en\u00e9 v\u00fdzv\u011b Green Deal a v p\u0159ipravovan\u00e9m programu Horizon Europe. Prezentace bioekonomiky a jej\u00edho potenci\u00e1lu pro v\u00fdzkum, v\u00fdvoj a inovace pro mal\u00e9 a st\u0159edn\u00ed podniky je hlavn\u00ed n\u00e1pln\u00ed projektu Podpora BioEkonomiky v mal\u00fdch a st\u0159edn\u00edch podnic\u00edch \u2013 BE IN podpo\u0159en\u00e9ho v r\u00e1mci 4. v\u00fdzvy programu ETA \u2013 COVID. (TL04000166).<\/p><p>C\u00edlem projektu je vytvo\u0159it n\u00e1stroje pro mal\u00e9 a st\u0159edn\u00ed podniky (MSP) umo\u017e\u0148uj\u00edc\u00ed implementaci princip\u016f bioekonomiky a p\u0159echod na udr\u017eiteln\u011bj\u0161\u00ed podnikatelsk\u00fd model pro zm\u00edrn\u011bn\u00ed dopadu pandemie COVID-19 a zv\u00fd\u0161en\u00ed odolnosti v\u016f\u010di krizov\u00fdm situac\u00edm. \u00da\u010delem projektu je vytvo\u0159it nov\u00e9 obchodn\u00ed modely pro MSP a metodiku implementace t\u011bchto\u00a0 obchodn\u00edch model\u016f v MSP, zpracovat p\u0159\u00edpadov\u00e9 studie implementace t\u011bchto obchodn\u00edch model\u016f na konkr\u00e9tn\u00edch p\u0159\u00edkladech jako podklad pro n\u00e1sledov\u00e1n\u00ed a inovovat vzd\u011bl\u00e1v\u00e1n\u00ed pro MSP v oblasti BE s vyu\u017eit\u00edm modern\u00edch IT technologi\u00ed.<\/p><p><strong>Ozna\u010den\u00ed:<\/strong> TL04000166<br \/><strong>Origin\u00e1ln\u00ed jazyk:<\/strong> \u010de\u0161tina<br \/><strong>\u0158e\u0161itel\u00e9:<\/strong> Ing. Martin Mr\u016fzek Ph.D, Ing. Magda Vi\u010d\u00edkov\u00e1<br \/><strong>Doba \u0159e\u0161en\u00ed:<\/strong> 11\/2020 \u2013 10\/2022<br \/><strong>Partne\u0159i projektu:<\/strong><br \/>AVO \u2013 Aktivity pro v\u00fdzkumn\u00e9 organizace AVO, o.p.s. \u2013 hlavn\u00ed p\u0159\u00edjemce<br \/>ZERA \u2013 Zem\u011bd\u011blsk\u00e1 a ekologick\u00e1 region\u00e1ln\u00ed agentura, z.s.<br \/>agriKomp Bohemia s.r.o. &#8211; hlavn\u00ed p\u0159\u00edjemce<br \/>Klastr MECHATRONIKA, z.s.<br \/><strong>Zdroje financov\u00e1n\u00ed:<\/strong> Technologick\u00e1 agentura \u010cR \u2013 Program ETA &#8211; 4. v\u00fdzva \u2013 COVID<\/p>\t\t\t\t\t\t\t\t<\/div>\n\t\t\t\t<\/div>\n\t\t\t\t<div class=\"elementor-element elementor-element-8169f59 elementor-widget elementor-widget-image\" data-id=\"8169f59\" data-element_type=\"widget\" data-e-type=\"widget\" data-widget_type=\"image.default\">\n\t\t\t\t<div class=\"elementor-widget-container\">\n\t\t\t\t\t\t\t\t\t\t\t\t\t\t\t\t<a href=\"http:\/\/www.tacr.cz\" target=\"_blank\">\n\t\t\t\t\t\t\t<img fetchpriority=\"high\" decoding=\"async\" width=\"800\" height=\"219\" src=\"https:\/\/www.agrikomp.com\/wp-content\/uploads\/Bild7-1024x280.jpg\" class=\"attachment-large size-large wp-image-39544\" alt=\"\" srcset=\"https:\/\/www.agrikomp.com\/wp-content\/uploads\/Bild7-1024x280.jpg 1024w, https:\/\/www.agrikomp.com\/wp-content\/uploads\/Bild7-300x82.jpg 300w, https:\/\/www.agrikomp.com\/wp-content\/uploads\/Bild7-768x210.jpg 768w, https:\/\/www.agrikomp.com\/wp-content\/uploads\/Bild7.jpg 1080w\" sizes=\"(max-width: 800px) 100vw, 800px\" \/>\t\t\t\t\t\t\t\t<\/a>\n\t\t\t\t\t\t\t\t\t\t\t\t\t\t\t<\/div>\n\t\t\t\t<\/div>\n\t\t\t\t\t<\/div>\n\t\t<\/div>\n\t\t\t\t\t<\/div>\n\t\t<\/section>\n\t\t\t\t<\/div>\n\t\t","protected":false},"excerpt":{"rendered":"<p>O PROJEKTUBioekonomika m\u016f\u017ee b\u00fdt ch\u00e1pana jako cesta k udr\u017eiteln\u00e9 produkci a udr\u017eiteln\u00e9mu rozvoji, je hlavn\u00ed prioritou Evropsk\u00e9 komise a odr\u00e1\u017e\u00ed se ve strategick\u00fdch dokumentech ale tak\u00e9 v aktu\u00e1ln\u011b otev\u0159en\u00e9 v\u00fdzv\u011b Green Deal a v p\u0159ipravovan\u00e9m programu Horizon Europe. Prezentace bioekonomiky a jej\u00edho potenci\u00e1lu pro v\u00fdzkum, v\u00fdvoj a inovace pro mal\u00e9 a st\u0159edn\u00ed podniky je hlavn\u00ed [&hellip;]<\/p>\n","protected":false},"author":2,"featured_media":19943,"comment_status":"closed","ping_status":"closed","sticky":false,"template":"","format":"standard","meta":{"footnotes":""},"categories":[269],"tags":[],"class_list":["post-39539","post","type-post","status-publish","format-standard","has-post-thumbnail","hentry","category-eu-projekte-ukoncene"],"yoast_head":"<!-- This site is optimized with the Yoast SEO Premium plugin v27.4 (Yoast SEO v27.4) - https:\/\/yoast.com\/product\/yoast-seo-premium-wordpress\/ -->\n<title>Podpora BioEkonomiky v mal\u00fdch a st\u0159edn\u00edch podnic\u00edch \u2013 BE IN - agriKomp GmbH<\/title>\n<meta name=\"robots\" content=\"index, follow, max-snippet:-1, max-image-preview:large, max-video-preview:-1\" \/>\n<link rel=\"canonical\" href=\"https:\/\/www.agrikomp.com\/cs\/podpora-bioekonomiky-v-malych-a-strednich-podnicich-be-in\/\" \/>\n<meta property=\"og:locale\" content=\"cs_CZ\" \/>\n<meta property=\"og:type\" content=\"article\" \/>\n<meta property=\"og:title\" content=\"Podpora BioEkonomiky v mal\u00fdch a st\u0159edn\u00edch podnic\u00edch \u2013 BE IN\" \/>\n<meta property=\"og:description\" content=\"O PROJEKTUBioekonomika m\u016f\u017ee b\u00fdt ch\u00e1pana jako cesta k udr\u017eiteln\u00e9 produkci a udr\u017eiteln\u00e9mu rozvoji, je hlavn\u00ed prioritou Evropsk\u00e9 komise a odr\u00e1\u017e\u00ed se ve strategick\u00fdch dokumentech ale tak\u00e9 v aktu\u00e1ln\u011b otev\u0159en\u00e9 v\u00fdzv\u011b Green Deal a v p\u0159ipravovan\u00e9m programu Horizon Europe. Prezentace bioekonomiky a jej\u00edho potenci\u00e1lu pro v\u00fdzkum, v\u00fdvoj a inovace pro mal\u00e9 a st\u0159edn\u00ed podniky je hlavn\u00ed [&hellip;]\" \/>\n<meta property=\"og:url\" content=\"https:\/\/www.agrikomp.com\/cs\/podpora-bioekonomiky-v-malych-a-strednich-podnicich-be-in\/\" \/>\n<meta property=\"og:site_name\" content=\"agriKomp GmbH\" \/>\n<meta property=\"article:publisher\" content=\"https:\/\/www.facebook.com\/agriKomp.Deutschland\" \/>\n<meta property=\"article:published_time\" content=\"2024-06-12T12:29:13+00:00\" \/>\n<meta property=\"article:modified_time\" content=\"2024-06-12T13:09:10+00:00\" \/>\n<meta property=\"og:image\" content=\"https:\/\/www.agrikomp.com\/wp-content\/uploads\/2021\/03\/ak_mkd_gebaeude_halle_web-e1619435923634.jpg\" \/>\n\t<meta property=\"og:image:width\" content=\"1199\" \/>\n\t<meta property=\"og:image:height\" content=\"799\" \/>\n\t<meta property=\"og:image:type\" content=\"image\/jpeg\" \/>\n<meta name=\"author\" content=\"Marketing\" \/>\n<meta name=\"twitter:card\" content=\"summary_large_image\" \/>\n<meta name=\"twitter:label1\" content=\"Napsal(a)\" \/>\n\t<meta name=\"twitter:data1\" content=\"Marketing\" \/>\n\t<meta name=\"twitter:label2\" content=\"Odhadovan\u00e1 doba \u010dten\u00ed\" \/>\n\t<meta name=\"twitter:data2\" content=\"2 minuty\" \/>\n<script type=\"application\/ld+json\" class=\"yoast-schema-graph\">{\"@context\":\"https:\\\/\\\/schema.org\",\"@graph\":[{\"@type\":\"Article\",\"@id\":\"https:\\\/\\\/www.agrikomp.com\\\/cs\\\/podpora-bioekonomiky-v-malych-a-strednich-podnicich-be-in\\\/#article\",\"isPartOf\":{\"@id\":\"https:\\\/\\\/www.agrikomp.com\\\/cs\\\/podpora-bioekonomiky-v-malych-a-strednich-podnicich-be-in\\\/\"},\"author\":{\"name\":\"Marketing\",\"@id\":\"https:\\\/\\\/agrikomp.com\\\/de\\\/#\\\/schema\\\/person\\\/13634fa070f0542413fc0f3b0d304ef2\"},\"headline\":\"Podpora BioEkonomiky v mal\u00fdch a st\u0159edn\u00edch podnic\u00edch \u2013 BE IN\",\"datePublished\":\"2024-06-12T12:29:13+00:00\",\"dateModified\":\"2024-06-12T13:09:10+00:00\",\"mainEntityOfPage\":{\"@id\":\"https:\\\/\\\/www.agrikomp.com\\\/cs\\\/podpora-bioekonomiky-v-malych-a-strednich-podnicich-be-in\\\/\"},\"wordCount\":295,\"publisher\":{\"@id\":\"https:\\\/\\\/agrikomp.com\\\/de\\\/#organization\"},\"image\":{\"@id\":\"https:\\\/\\\/www.agrikomp.com\\\/cs\\\/podpora-bioekonomiky-v-malych-a-strednich-podnicich-be-in\\\/#primaryimage\"},\"thumbnailUrl\":\"https:\\\/\\\/www.agrikomp.com\\\/wp-content\\\/uploads\\\/2021\\\/03\\\/ak_mkd_gebaeude_halle_web-e1619435923634.jpg\",\"articleSection\":[\"EU-Projekte ukon\u010den\u00e9\"],\"inLanguage\":\"cs\"},{\"@type\":\"WebPage\",\"@id\":\"https:\\\/\\\/www.agrikomp.com\\\/cs\\\/podpora-bioekonomiky-v-malych-a-strednich-podnicich-be-in\\\/\",\"url\":\"https:\\\/\\\/www.agrikomp.com\\\/cs\\\/podpora-bioekonomiky-v-malych-a-strednich-podnicich-be-in\\\/\",\"name\":\"Podpora BioEkonomiky v mal\u00fdch a st\u0159edn\u00edch podnic\u00edch \u2013 BE IN - agriKomp GmbH\",\"isPartOf\":{\"@id\":\"https:\\\/\\\/agrikomp.com\\\/de\\\/#website\"},\"primaryImageOfPage\":{\"@id\":\"https:\\\/\\\/www.agrikomp.com\\\/cs\\\/podpora-bioekonomiky-v-malych-a-strednich-podnicich-be-in\\\/#primaryimage\"},\"image\":{\"@id\":\"https:\\\/\\\/www.agrikomp.com\\\/cs\\\/podpora-bioekonomiky-v-malych-a-strednich-podnicich-be-in\\\/#primaryimage\"},\"thumbnailUrl\":\"https:\\\/\\\/www.agrikomp.com\\\/wp-content\\\/uploads\\\/2021\\\/03\\\/ak_mkd_gebaeude_halle_web-e1619435923634.jpg\",\"datePublished\":\"2024-06-12T12:29:13+00:00\",\"dateModified\":\"2024-06-12T13:09:10+00:00\",\"breadcrumb\":{\"@id\":\"https:\\\/\\\/www.agrikomp.com\\\/cs\\\/podpora-bioekonomiky-v-malych-a-strednich-podnicich-be-in\\\/#breadcrumb\"},\"inLanguage\":\"cs\",\"potentialAction\":[{\"@type\":\"ReadAction\",\"target\":[\"https:\\\/\\\/www.agrikomp.com\\\/cs\\\/podpora-bioekonomiky-v-malych-a-strednich-podnicich-be-in\\\/\"]}]},{\"@type\":\"ImageObject\",\"inLanguage\":\"cs\",\"@id\":\"https:\\\/\\\/www.agrikomp.com\\\/cs\\\/podpora-bioekonomiky-v-malych-a-strednich-podnicich-be-in\\\/#primaryimage\",\"url\":\"https:\\\/\\\/www.agrikomp.com\\\/wp-content\\\/uploads\\\/2021\\\/03\\\/ak_mkd_gebaeude_halle_web-e1619435923634.jpg\",\"contentUrl\":\"https:\\\/\\\/www.agrikomp.com\\\/wp-content\\\/uploads\\\/2021\\\/03\\\/ak_mkd_gebaeude_halle_web-e1619435923634.jpg\",\"width\":1199,\"height\":799,\"caption\":\"agriKomp Bohemia\"},{\"@type\":\"BreadcrumbList\",\"@id\":\"https:\\\/\\\/www.agrikomp.com\\\/cs\\\/podpora-bioekonomiky-v-malych-a-strednich-podnicich-be-in\\\/#breadcrumb\",\"itemListElement\":[{\"@type\":\"ListItem\",\"position\":1,\"name\":\"Homepage\",\"item\":\"https:\\\/\\\/www.agrikomp.com\\\/cs\\\/\"},{\"@type\":\"ListItem\",\"position\":2,\"name\":\"EU-Projekte\",\"item\":\"https:\\\/\\\/www.agrikomp.com\\\/cs\\\/category\\\/eu-projekte-cs\\\/\"},{\"@type\":\"ListItem\",\"position\":3,\"name\":\"EU-Projekte ukon\u010den\u00e9\",\"item\":\"https:\\\/\\\/www.agrikomp.com\\\/cs\\\/category\\\/eu-projekte-cs\\\/eu-projekte-ukoncene\\\/\"},{\"@type\":\"ListItem\",\"position\":4,\"name\":\"Podpora BioEkonomiky v mal\u00fdch a st\u0159edn\u00edch podnic\u00edch \u2013 BE IN\"}]},{\"@type\":\"WebSite\",\"@id\":\"https:\\\/\\\/agrikomp.com\\\/de\\\/#website\",\"url\":\"https:\\\/\\\/agrikomp.com\\\/de\\\/\",\"name\":\"agriKomp GmbH\",\"description\":\"Biogasanlagen und Biogastechnik wie sie gebraucht wird\",\"publisher\":{\"@id\":\"https:\\\/\\\/agrikomp.com\\\/de\\\/#organization\"},\"potentialAction\":[{\"@type\":\"SearchAction\",\"target\":{\"@type\":\"EntryPoint\",\"urlTemplate\":\"https:\\\/\\\/agrikomp.com\\\/de\\\/?s={search_term_string}\"},\"query-input\":{\"@type\":\"PropertyValueSpecification\",\"valueRequired\":true,\"valueName\":\"search_term_string\"}}],\"inLanguage\":\"cs\"},{\"@type\":\"Organization\",\"@id\":\"https:\\\/\\\/agrikomp.com\\\/de\\\/#organization\",\"name\":\"agriKomp\",\"url\":\"https:\\\/\\\/agrikomp.com\\\/de\\\/\",\"logo\":{\"@type\":\"ImageObject\",\"inLanguage\":\"cs\",\"@id\":\"https:\\\/\\\/agrikomp.com\\\/de\\\/#\\\/schema\\\/logo\\\/image\\\/\",\"url\":\"https:\\\/\\\/www.agrikomp.com\\\/wp-content\\\/uploads\\\/2020\\\/11\\\/150224_aKlogo-grau_quer.png\",\"contentUrl\":\"https:\\\/\\\/www.agrikomp.com\\\/wp-content\\\/uploads\\\/2020\\\/11\\\/150224_aKlogo-grau_quer.png\",\"width\":2560,\"height\":455,\"caption\":\"agriKomp\"},\"image\":{\"@id\":\"https:\\\/\\\/agrikomp.com\\\/de\\\/#\\\/schema\\\/logo\\\/image\\\/\"},\"sameAs\":[\"https:\\\/\\\/www.facebook.com\\\/agriKomp.Deutschland\",\"https:\\\/\\\/www.instagram.com\\\/agrikomp\\\/?hl=en\",\"https:\\\/\\\/www.linkedin.com\\\/company\\\/5254243\\\/\",\"https:\\\/\\\/www.youtube.com\\\/@AgrikompDeutschland\"]},{\"@type\":\"Person\",\"@id\":\"https:\\\/\\\/agrikomp.com\\\/de\\\/#\\\/schema\\\/person\\\/13634fa070f0542413fc0f3b0d304ef2\",\"name\":\"Marketing\"}]}<\/script>\n<!-- \/ Yoast SEO Premium plugin. -->","yoast_head_json":{"title":"Podpora BioEkonomiky v mal\u00fdch a st\u0159edn\u00edch podnic\u00edch \u2013 BE IN - agriKomp GmbH","robots":{"index":"index","follow":"follow","max-snippet":"max-snippet:-1","max-image-preview":"max-image-preview:large","max-video-preview":"max-video-preview:-1"},"canonical":"https:\/\/www.agrikomp.com\/cs\/podpora-bioekonomiky-v-malych-a-strednich-podnicich-be-in\/","og_locale":"cs_CZ","og_type":"article","og_title":"Podpora BioEkonomiky v mal\u00fdch a st\u0159edn\u00edch podnic\u00edch \u2013 BE IN","og_description":"O PROJEKTUBioekonomika m\u016f\u017ee b\u00fdt ch\u00e1pana jako cesta k udr\u017eiteln\u00e9 produkci a udr\u017eiteln\u00e9mu rozvoji, je hlavn\u00ed prioritou Evropsk\u00e9 komise a odr\u00e1\u017e\u00ed se ve strategick\u00fdch dokumentech ale tak\u00e9 v aktu\u00e1ln\u011b otev\u0159en\u00e9 v\u00fdzv\u011b Green Deal a v p\u0159ipravovan\u00e9m programu Horizon Europe. Prezentace bioekonomiky a jej\u00edho potenci\u00e1lu pro v\u00fdzkum, v\u00fdvoj a inovace pro mal\u00e9 a st\u0159edn\u00ed podniky je hlavn\u00ed [&hellip;]","og_url":"https:\/\/www.agrikomp.com\/cs\/podpora-bioekonomiky-v-malych-a-strednich-podnicich-be-in\/","og_site_name":"agriKomp GmbH","article_publisher":"https:\/\/www.facebook.com\/agriKomp.Deutschland","article_published_time":"2024-06-12T12:29:13+00:00","article_modified_time":"2024-06-12T13:09:10+00:00","og_image":[{"width":1199,"height":799,"url":"https:\/\/www.agrikomp.com\/wp-content\/uploads\/2021\/03\/ak_mkd_gebaeude_halle_web-e1619435923634.jpg","type":"image\/jpeg"}],"author":"Marketing","twitter_card":"summary_large_image","twitter_misc":{"Napsal(a)":"Marketing","Odhadovan\u00e1 doba \u010dten\u00ed":"2 minuty"},"schema":{"@context":"https:\/\/schema.org","@graph":[{"@type":"Article","@id":"https:\/\/www.agrikomp.com\/cs\/podpora-bioekonomiky-v-malych-a-strednich-podnicich-be-in\/#article","isPartOf":{"@id":"https:\/\/www.agrikomp.com\/cs\/podpora-bioekonomiky-v-malych-a-strednich-podnicich-be-in\/"},"author":{"name":"Marketing","@id":"https:\/\/agrikomp.com\/de\/#\/schema\/person\/13634fa070f0542413fc0f3b0d304ef2"},"headline":"Podpora BioEkonomiky v mal\u00fdch a st\u0159edn\u00edch podnic\u00edch \u2013 BE IN","datePublished":"2024-06-12T12:29:13+00:00","dateModified":"2024-06-12T13:09:10+00:00","mainEntityOfPage":{"@id":"https:\/\/www.agrikomp.com\/cs\/podpora-bioekonomiky-v-malych-a-strednich-podnicich-be-in\/"},"wordCount":295,"publisher":{"@id":"https:\/\/agrikomp.com\/de\/#organization"},"image":{"@id":"https:\/\/www.agrikomp.com\/cs\/podpora-bioekonomiky-v-malych-a-strednich-podnicich-be-in\/#primaryimage"},"thumbnailUrl":"https:\/\/www.agrikomp.com\/wp-content\/uploads\/2021\/03\/ak_mkd_gebaeude_halle_web-e1619435923634.jpg","articleSection":["EU-Projekte ukon\u010den\u00e9"],"inLanguage":"cs"},{"@type":"WebPage","@id":"https:\/\/www.agrikomp.com\/cs\/podpora-bioekonomiky-v-malych-a-strednich-podnicich-be-in\/","url":"https:\/\/www.agrikomp.com\/cs\/podpora-bioekonomiky-v-malych-a-strednich-podnicich-be-in\/","name":"Podpora BioEkonomiky v mal\u00fdch a st\u0159edn\u00edch podnic\u00edch \u2013 BE IN - agriKomp GmbH","isPartOf":{"@id":"https:\/\/agrikomp.com\/de\/#website"},"primaryImageOfPage":{"@id":"https:\/\/www.agrikomp.com\/cs\/podpora-bioekonomiky-v-malych-a-strednich-podnicich-be-in\/#primaryimage"},"image":{"@id":"https:\/\/www.agrikomp.com\/cs\/podpora-bioekonomiky-v-malych-a-strednich-podnicich-be-in\/#primaryimage"},"thumbnailUrl":"https:\/\/www.agrikomp.com\/wp-content\/uploads\/2021\/03\/ak_mkd_gebaeude_halle_web-e1619435923634.jpg","datePublished":"2024-06-12T12:29:13+00:00","dateModified":"2024-06-12T13:09:10+00:00","breadcrumb":{"@id":"https:\/\/www.agrikomp.com\/cs\/podpora-bioekonomiky-v-malych-a-strednich-podnicich-be-in\/#breadcrumb"},"inLanguage":"cs","potentialAction":[{"@type":"ReadAction","target":["https:\/\/www.agrikomp.com\/cs\/podpora-bioekonomiky-v-malych-a-strednich-podnicich-be-in\/"]}]},{"@type":"ImageObject","inLanguage":"cs","@id":"https:\/\/www.agrikomp.com\/cs\/podpora-bioekonomiky-v-malych-a-strednich-podnicich-be-in\/#primaryimage","url":"https:\/\/www.agrikomp.com\/wp-content\/uploads\/2021\/03\/ak_mkd_gebaeude_halle_web-e1619435923634.jpg","contentUrl":"https:\/\/www.agrikomp.com\/wp-content\/uploads\/2021\/03\/ak_mkd_gebaeude_halle_web-e1619435923634.jpg","width":1199,"height":799,"caption":"agriKomp Bohemia"},{"@type":"BreadcrumbList","@id":"https:\/\/www.agrikomp.com\/cs\/podpora-bioekonomiky-v-malych-a-strednich-podnicich-be-in\/#breadcrumb","itemListElement":[{"@type":"ListItem","position":1,"name":"Homepage","item":"https:\/\/www.agrikomp.com\/cs\/"},{"@type":"ListItem","position":2,"name":"EU-Projekte","item":"https:\/\/www.agrikomp.com\/cs\/category\/eu-projekte-cs\/"},{"@type":"ListItem","position":3,"name":"EU-Projekte ukon\u010den\u00e9","item":"https:\/\/www.agrikomp.com\/cs\/category\/eu-projekte-cs\/eu-projekte-ukoncene\/"},{"@type":"ListItem","position":4,"name":"Podpora BioEkonomiky v mal\u00fdch a st\u0159edn\u00edch podnic\u00edch \u2013 BE IN"}]},{"@type":"WebSite","@id":"https:\/\/agrikomp.com\/de\/#website","url":"https:\/\/agrikomp.com\/de\/","name":"agriKomp GmbH","description":"Biogasanlagen und Biogastechnik wie sie gebraucht wird","publisher":{"@id":"https:\/\/agrikomp.com\/de\/#organization"},"potentialAction":[{"@type":"SearchAction","target":{"@type":"EntryPoint","urlTemplate":"https:\/\/agrikomp.com\/de\/?s={search_term_string}"},"query-input":{"@type":"PropertyValueSpecification","valueRequired":true,"valueName":"search_term_string"}}],"inLanguage":"cs"},{"@type":"Organization","@id":"https:\/\/agrikomp.com\/de\/#organization","name":"agriKomp","url":"https:\/\/agrikomp.com\/de\/","logo":{"@type":"ImageObject","inLanguage":"cs","@id":"https:\/\/agrikomp.com\/de\/#\/schema\/logo\/image\/","url":"https:\/\/www.agrikomp.com\/wp-content\/uploads\/2020\/11\/150224_aKlogo-grau_quer.png","contentUrl":"https:\/\/www.agrikomp.com\/wp-content\/uploads\/2020\/11\/150224_aKlogo-grau_quer.png","width":2560,"height":455,"caption":"agriKomp"},"image":{"@id":"https:\/\/agrikomp.com\/de\/#\/schema\/logo\/image\/"},"sameAs":["https:\/\/www.facebook.com\/agriKomp.Deutschland","https:\/\/www.instagram.com\/agrikomp\/?hl=en","https:\/\/www.linkedin.com\/company\/5254243\/","https:\/\/www.youtube.com\/@AgrikompDeutschland"]},{"@type":"Person","@id":"https:\/\/agrikomp.com\/de\/#\/schema\/person\/13634fa070f0542413fc0f3b0d304ef2","name":"Marketing"}]}},"_links":{"self":[{"href":"https:\/\/www.agrikomp.com\/cs\/wp-json\/wp\/v2\/posts\/39539","targetHints":{"allow":["GET"]}}],"collection":[{"href":"https:\/\/www.agrikomp.com\/cs\/wp-json\/wp\/v2\/posts"}],"about":[{"href":"https:\/\/www.agrikomp.com\/cs\/wp-json\/wp\/v2\/types\/post"}],"author":[{"embeddable":true,"href":"https:\/\/www.agrikomp.com\/cs\/wp-json\/wp\/v2\/users\/2"}],"replies":[{"embeddable":true,"href":"https:\/\/www.agrikomp.com\/cs\/wp-json\/wp\/v2\/comments?post=39539"}],"version-history":[{"count":7,"href":"https:\/\/www.agrikomp.com\/cs\/wp-json\/wp\/v2\/posts\/39539\/revisions"}],"predecessor-version":[{"id":39552,"href":"https:\/\/www.agrikomp.com\/cs\/wp-json\/wp\/v2\/posts\/39539\/revisions\/39552"}],"wp:featuredmedia":[{"embeddable":true,"href":"https:\/\/www.agrikomp.com\/cs\/wp-json\/wp\/v2\/media\/19943"}],"wp:attachment":[{"href":"https:\/\/www.agrikomp.com\/cs\/wp-json\/wp\/v2\/media?parent=39539"}],"wp:term":[{"taxonomy":"category","embeddable":true,"href":"https:\/\/www.agrikomp.com\/cs\/wp-json\/wp\/v2\/categories?post=39539"},{"taxonomy":"post_tag","embeddable":true,"href":"https:\/\/www.agrikomp.com\/cs\/wp-json\/wp\/v2\/tags?post=39539"}],"curies":[{"name":"wp","href":"https:\/\/api.w.org\/{rel}","templated":true}]}}