{"id":39477,"date":"2024-06-12T11:53:04","date_gmt":"2024-06-12T11:53:04","guid":{"rendered":"https:\/\/www.agrikomp.com\/?p=39477"},"modified":"2024-06-12T13:10:31","modified_gmt":"2024-06-12T13:10:31","slug":"i4-04be","status":"publish","type":"post","link":"https:\/\/www.agrikomp.com\/cs\/i4-04be\/","title":{"rendered":"I4.04BE"},"content":{"rendered":"\t\t<div data-elementor-type=\"wp-post\" data-elementor-id=\"39477\" class=\"elementor elementor-39477\" data-elementor-post-type=\"post\">\n\t\t\t\t\t\t<section class=\"elementor-section elementor-top-section elementor-element elementor-element-2741f7f4 elementor-section-boxed elementor-section-height-default elementor-section-height-default\" data-id=\"2741f7f4\" data-element_type=\"section\" data-e-type=\"section\">\n\t\t\t\t\t\t<div class=\"elementor-container elementor-column-gap-default\">\n\t\t\t\t\t<div class=\"elementor-column elementor-col-100 elementor-top-column elementor-element elementor-element-5563a326\" data-id=\"5563a326\" data-element_type=\"column\" data-e-type=\"column\">\n\t\t\t<div class=\"elementor-widget-wrap elementor-element-populated\">\n\t\t\t\t\t\t<div class=\"elementor-element elementor-element-a01facf elementor-widget elementor-widget-heading\" data-id=\"a01facf\" data-element_type=\"widget\" data-e-type=\"widget\" data-widget_type=\"heading.default\">\n\t\t\t\t<div class=\"elementor-widget-container\">\n\t\t\t\t\t<h2 class=\"elementor-heading-title elementor-size-default\">Vyu\u017eit\u00ed digitalizace pro podporu udr\u017eiteln\u00e9 zem\u011bd\u011blsk\u00e9\nprodukce<\/h2>\t\t\t\t<\/div>\n\t\t\t\t<\/div>\n\t\t\t\t<div class=\"elementor-element elementor-element-3e1cf515 elementor-widget elementor-widget-text-editor\" data-id=\"3e1cf515\" data-element_type=\"widget\" data-e-type=\"widget\" data-widget_type=\"text-editor.default\">\n\t\t\t\t<div class=\"elementor-widget-container\">\n\t\t\t\t\t\t\t\t\t<p><strong>O PROJEKTU<\/strong><br \/>Precizn\u00ed zem\u011bd\u011blstv\u00ed a digitalizace pro produkci bio hnojiva na m\u00edru zem\u011bd\u011blsk\u00e9 praxi pro sn\u00ed\u017een\u00ed environment\u00e1ln\u00ed z\u00e1t\u011b\u017ee.<\/p><p>Absolutn\u00ed v\u011bt\u0161ina kompost\u00e1ren byla postavena s vyu\u017eit\u00edm fond\u016f OP \u017dP v letech 2007-13 v dob\u011b, kdy existovalo jen velmi m\u00e1lo zku\u0161en\u00fdch projektant\u016f. Velk\u00e1 \u010d\u00e1st z nich byla postavena pouze na zpracov\u00e1n\u00ed zelen\u00e9 biomasy z komun\u00e1ln\u00edch zdroj\u016f. V souvislosti s novou legislativou (zejm\u00e9na nov\u00fdm z\u00e1konem o odpadech), s ohledem na klimatick\u00e9 zm\u011bny a prom\u011bny krajiny, na kter\u00e9 reaguj\u00ed nov\u00e9 strategie EU p\u0159in\u00e1\u0161ej\u00edc\u00ed po\u017eadavky na recyklaci \u017eivin a transformaci zem\u011bd\u011blsk\u00e9 \u010dinnosti a pr\u016fmyslov\u00e9 v\u00fdroby na dlouhodob\u011b udr\u017eiteln\u00e9; je z\u0159ejm\u00e9, \u017ee kompost\u00e1rny maj\u00ed p\u0159\u00edle\u017eitost, ale tak\u00e9 pro n\u011b bude nutnost\u00ed upravit technologii a zpracov\u00e1vat \u0161ir\u0161\u00ed \u0161k\u00e1lu vstup\u016f. Kompost\u00e1rny nemaj\u00ed k dispozici n\u00e1stroj, kter\u00fd umo\u017en\u00ed vybalancovat surovinovou skladbu spr\u00e1vn\u00e9ho procesu kompostov\u00e1n\u00ed dle obsahu organick\u00e9 hmoty, dus\u00edku, vlhkosti v souvislosti s kapacitn\u00edmi mo\u017enostmi technologie a s \u010dasem.<\/p><p>Zem\u011bd\u011blsk\u00e9 podniky nemaj\u00ed k dispozici bilan\u010dn\u00ed software umo\u017e\u0148uj\u00edc\u00ed precizaci d\u00e1vkov\u00e1n\u00ed organick\u00fdch hnojiv do p\u016fdy dle konkr\u00e9tn\u00edch po\u017eadavk\u016f kvality p\u016fdy, agrotechnick\u00fdch pot\u0159eb<br \/>a udr\u017eitelnosti zem\u011bd\u011blstv\u00ed v harmonizac\u00ed s ochranou \u017eivotn\u00edho prost\u0159ed\u00ed. Organick\u00e1 hnojiva (bio hnojiva) zv\u00fd\u0161\u00ed samostatnost zem\u011bd\u011blce v oblasti z\u00e1soben\u00ed \u017eivin s vyu\u017eit\u00edm region\u00e1ln\u00edch zdroj\u016f, zv\u00fd\u0161\u00ed stabilitu a udr\u017eitelnost zem\u011bd\u011blsk\u00e9 produkce a zlep\u0161\u00ed p\u016fdn\u00ed prost\u0159ed\u00ed pro zadr\u017een\u00ed vody v krajin\u011b. Organick\u00e1 hnojiva se li\u0161\u00ed obsahem \u017eivin, jejich formami p\u0159edev\u0161\u00edm u dus\u00edku.<\/p><p>Celkov\u00fd dus\u00edk je tvo\u0159en miner\u00e1ln\u00edm dus\u00edkem a dus\u00edkem v\u00e1zan\u00fdm v organick\u00fdch vazb\u00e1ch. Ka\u017ed\u00e1 forma je jinak vyu\u017eiteln\u00e1 rostlinami, proto je d\u016fle\u017eit\u00e9 zn\u00e1t v jak\u00e9m mno\u017estv\u00ed a kdy jsou \u017eiviny k dispozici, tak aby byly \u017eiviny rostlinami vyu\u017eity a neztr\u00e1cely se do povrchov\u00fdch a p\u0159edev\u0161\u00edm podzemn\u00edch vod.<\/p><p><strong>\u010c\u00edslo projektu:<\/strong> CZ.01.1.02\/0.0\/0.0\/20_321\/0025115<br \/><strong>Origin\u00e1ln\u00ed jazyk:<\/strong> \u010de\u0161tina<br \/>\u0158e\u0161itel\u00e9: Ing. Martin Mr\u016fzek Ph.D., Ing. Magda Vi\u010d\u00edkov\u00e1<br \/><strong>Doba \u0159e\u0161en\u00ed:<\/strong> 02\/2021 \u2013 4\/2023<br \/><strong>Partne\u0159i projektu:<\/strong><br \/>agriKomp Bohemia s.r.o. &#8211; hlavn\u00ed p\u0159\u00edjemce<br \/>V\u00fdzkumn\u00fd \u00fastav p\u00edcnin\u00e1\u0159sk\u00fd spol. s r.o. Troubsko<br \/>ZERA-Zem\u011bd\u011blsk\u00e1 a ekologick\u00e1 region\u00e1ln\u00ed agentura<br \/><strong>Zdroje financov\u00e1n\u00ed:<\/strong> OP PIK MPO \u010cesk\u00e9 republiky<\/p>\t\t\t\t\t\t\t\t<\/div>\n\t\t\t\t<\/div>\n\t\t\t\t<section class=\"elementor-section elementor-inner-section elementor-element elementor-element-d531f78 elementor-section-boxed elementor-section-height-default elementor-section-height-default\" data-id=\"d531f78\" data-element_type=\"section\" data-e-type=\"section\">\n\t\t\t\t\t\t<div class=\"elementor-container elementor-column-gap-default\">\n\t\t\t\t\t<div class=\"elementor-column elementor-col-50 elementor-inner-column elementor-element elementor-element-15df349\" data-id=\"15df349\" data-element_type=\"column\" data-e-type=\"column\">\n\t\t\t<div class=\"elementor-widget-wrap elementor-element-populated\">\n\t\t\t\t\t\t<div class=\"elementor-element elementor-element-0c31595 elementor-widget elementor-widget-image\" data-id=\"0c31595\" data-element_type=\"widget\" data-e-type=\"widget\" data-widget_type=\"image.default\">\n\t\t\t\t<div class=\"elementor-widget-container\">\n\t\t\t\t\t\t\t\t\t\t\t\t\t\t\t<img decoding=\"async\" width=\"389\" height=\"98\" src=\"https:\/\/www.agrikomp.com\/wp-content\/uploads\/Bild4-2.jpg\" class=\"attachment-large size-large wp-image-39492\" alt=\"\" srcset=\"https:\/\/www.agrikomp.com\/wp-content\/uploads\/Bild4-2.jpg 389w, https:\/\/www.agrikomp.com\/wp-content\/uploads\/Bild4-2-300x76.jpg 300w\" sizes=\"(max-width: 389px) 100vw, 389px\" \/>\t\t\t\t\t\t\t\t\t\t\t\t\t\t\t<\/div>\n\t\t\t\t<\/div>\n\t\t\t\t\t<\/div>\n\t\t<\/div>\n\t\t\t\t<div class=\"elementor-column elementor-col-50 elementor-inner-column elementor-element elementor-element-952fc63\" data-id=\"952fc63\" data-element_type=\"column\" data-e-type=\"column\">\n\t\t\t<div class=\"elementor-widget-wrap elementor-element-populated\">\n\t\t\t\t\t\t<div class=\"elementor-element elementor-element-02ea8d3 elementor-widget elementor-widget-image\" data-id=\"02ea8d3\" data-element_type=\"widget\" data-e-type=\"widget\" data-widget_type=\"image.default\">\n\t\t\t\t<div class=\"elementor-widget-container\">\n\t\t\t\t\t\t\t\t\t\t\t\t\t\t\t<img decoding=\"async\" width=\"249\" height=\"133\" src=\"https:\/\/www.agrikomp.com\/wp-content\/uploads\/Bild4-1.jpg\" class=\"attachment-large size-large wp-image-39486\" alt=\"\" \/>\t\t\t\t\t\t\t\t\t\t\t\t\t\t\t<\/div>\n\t\t\t\t<\/div>\n\t\t\t\t\t<\/div>\n\t\t<\/div>\n\t\t\t\t\t<\/div>\n\t\t<\/section>\n\t\t\t\t\t<\/div>\n\t\t<\/div>\n\t\t\t\t\t<\/div>\n\t\t<\/section>\n\t\t\t\t<\/div>\n\t\t","protected":false},"excerpt":{"rendered":"<p>Vyu\u017eit\u00ed digitalizace pro podporu udr\u017eiteln\u00e9 zem\u011bd\u011blsk\u00e9 produkce O PROJEKTUPrecizn\u00ed zem\u011bd\u011blstv\u00ed a digitalizace pro produkci bio hnojiva na m\u00edru zem\u011bd\u011blsk\u00e9 praxi pro sn\u00ed\u017een\u00ed environment\u00e1ln\u00ed z\u00e1t\u011b\u017ee. Absolutn\u00ed v\u011bt\u0161ina kompost\u00e1ren byla postavena s vyu\u017eit\u00edm fond\u016f OP \u017dP v letech 2007-13 v dob\u011b, kdy existovalo jen velmi m\u00e1lo zku\u0161en\u00fdch projektant\u016f. Velk\u00e1 \u010d\u00e1st z nich byla postavena pouze na zpracov\u00e1n\u00ed [&hellip;]<\/p>\n","protected":false},"author":2,"featured_media":19943,"comment_status":"closed","ping_status":"closed","sticky":false,"template":"","format":"standard","meta":{"footnotes":""},"categories":[269],"tags":[],"class_list":["post-39477","post","type-post","status-publish","format-standard","has-post-thumbnail","hentry","category-eu-projekte-ukoncene"],"yoast_head":"<!-- This site is optimized with the Yoast SEO Premium plugin v27.4 (Yoast SEO v27.4) - https:\/\/yoast.com\/product\/yoast-seo-premium-wordpress\/ -->\n<title>I4.04BE - agriKomp GmbH<\/title>\n<meta name=\"robots\" content=\"index, follow, max-snippet:-1, max-image-preview:large, max-video-preview:-1\" \/>\n<link rel=\"canonical\" href=\"https:\/\/www.agrikomp.com\/cs\/i4-04be\/\" \/>\n<meta property=\"og:locale\" content=\"cs_CZ\" \/>\n<meta property=\"og:type\" content=\"article\" \/>\n<meta property=\"og:title\" content=\"I4.04BE\" \/>\n<meta property=\"og:description\" content=\"Vyu\u017eit\u00ed digitalizace pro podporu udr\u017eiteln\u00e9 zem\u011bd\u011blsk\u00e9 produkce O PROJEKTUPrecizn\u00ed zem\u011bd\u011blstv\u00ed a digitalizace pro produkci bio hnojiva na m\u00edru zem\u011bd\u011blsk\u00e9 praxi pro sn\u00ed\u017een\u00ed environment\u00e1ln\u00ed z\u00e1t\u011b\u017ee. Absolutn\u00ed v\u011bt\u0161ina kompost\u00e1ren byla postavena s vyu\u017eit\u00edm fond\u016f OP \u017dP v letech 2007-13 v dob\u011b, kdy existovalo jen velmi m\u00e1lo zku\u0161en\u00fdch projektant\u016f. Velk\u00e1 \u010d\u00e1st z nich byla postavena pouze na zpracov\u00e1n\u00ed [&hellip;]\" \/>\n<meta property=\"og:url\" content=\"https:\/\/www.agrikomp.com\/cs\/i4-04be\/\" \/>\n<meta property=\"og:site_name\" content=\"agriKomp GmbH\" \/>\n<meta property=\"article:publisher\" content=\"https:\/\/www.facebook.com\/agriKomp.Deutschland\" \/>\n<meta property=\"article:published_time\" content=\"2024-06-12T11:53:04+00:00\" \/>\n<meta property=\"article:modified_time\" content=\"2024-06-12T13:10:31+00:00\" \/>\n<meta property=\"og:image\" content=\"https:\/\/www.agrikomp.com\/wp-content\/uploads\/2021\/03\/ak_mkd_gebaeude_halle_web-e1619435923634.jpg\" \/>\n\t<meta property=\"og:image:width\" content=\"1199\" \/>\n\t<meta property=\"og:image:height\" content=\"799\" \/>\n\t<meta property=\"og:image:type\" content=\"image\/jpeg\" \/>\n<meta name=\"author\" content=\"Marketing\" \/>\n<meta name=\"twitter:card\" content=\"summary_large_image\" \/>\n<meta name=\"twitter:label1\" content=\"Napsal(a)\" \/>\n\t<meta name=\"twitter:data1\" content=\"Marketing\" \/>\n\t<meta name=\"twitter:label2\" content=\"Odhadovan\u00e1 doba \u010dten\u00ed\" \/>\n\t<meta name=\"twitter:data2\" content=\"3 minuty\" \/>\n<script type=\"application\/ld+json\" class=\"yoast-schema-graph\">{\"@context\":\"https:\\\/\\\/schema.org\",\"@graph\":[{\"@type\":\"Article\",\"@id\":\"https:\\\/\\\/www.agrikomp.com\\\/cs\\\/i4-04be\\\/#article\",\"isPartOf\":{\"@id\":\"https:\\\/\\\/www.agrikomp.com\\\/cs\\\/i4-04be\\\/\"},\"author\":{\"name\":\"Marketing\",\"@id\":\"https:\\\/\\\/agrikomp.com\\\/de\\\/#\\\/schema\\\/person\\\/13634fa070f0542413fc0f3b0d304ef2\"},\"headline\":\"I4.04BE\",\"datePublished\":\"2024-06-12T11:53:04+00:00\",\"dateModified\":\"2024-06-12T13:10:31+00:00\",\"mainEntityOfPage\":{\"@id\":\"https:\\\/\\\/www.agrikomp.com\\\/cs\\\/i4-04be\\\/\"},\"wordCount\":437,\"publisher\":{\"@id\":\"https:\\\/\\\/agrikomp.com\\\/de\\\/#organization\"},\"image\":{\"@id\":\"https:\\\/\\\/www.agrikomp.com\\\/cs\\\/i4-04be\\\/#primaryimage\"},\"thumbnailUrl\":\"https:\\\/\\\/www.agrikomp.com\\\/wp-content\\\/uploads\\\/2021\\\/03\\\/ak_mkd_gebaeude_halle_web-e1619435923634.jpg\",\"articleSection\":[\"EU-Projekte ukon\u010den\u00e9\"],\"inLanguage\":\"cs\"},{\"@type\":\"WebPage\",\"@id\":\"https:\\\/\\\/www.agrikomp.com\\\/cs\\\/i4-04be\\\/\",\"url\":\"https:\\\/\\\/www.agrikomp.com\\\/cs\\\/i4-04be\\\/\",\"name\":\"I4.04BE - agriKomp GmbH\",\"isPartOf\":{\"@id\":\"https:\\\/\\\/agrikomp.com\\\/de\\\/#website\"},\"primaryImageOfPage\":{\"@id\":\"https:\\\/\\\/www.agrikomp.com\\\/cs\\\/i4-04be\\\/#primaryimage\"},\"image\":{\"@id\":\"https:\\\/\\\/www.agrikomp.com\\\/cs\\\/i4-04be\\\/#primaryimage\"},\"thumbnailUrl\":\"https:\\\/\\\/www.agrikomp.com\\\/wp-content\\\/uploads\\\/2021\\\/03\\\/ak_mkd_gebaeude_halle_web-e1619435923634.jpg\",\"datePublished\":\"2024-06-12T11:53:04+00:00\",\"dateModified\":\"2024-06-12T13:10:31+00:00\",\"breadcrumb\":{\"@id\":\"https:\\\/\\\/www.agrikomp.com\\\/cs\\\/i4-04be\\\/#breadcrumb\"},\"inLanguage\":\"cs\",\"potentialAction\":[{\"@type\":\"ReadAction\",\"target\":[\"https:\\\/\\\/www.agrikomp.com\\\/cs\\\/i4-04be\\\/\"]}]},{\"@type\":\"ImageObject\",\"inLanguage\":\"cs\",\"@id\":\"https:\\\/\\\/www.agrikomp.com\\\/cs\\\/i4-04be\\\/#primaryimage\",\"url\":\"https:\\\/\\\/www.agrikomp.com\\\/wp-content\\\/uploads\\\/2021\\\/03\\\/ak_mkd_gebaeude_halle_web-e1619435923634.jpg\",\"contentUrl\":\"https:\\\/\\\/www.agrikomp.com\\\/wp-content\\\/uploads\\\/2021\\\/03\\\/ak_mkd_gebaeude_halle_web-e1619435923634.jpg\",\"width\":1199,\"height\":799,\"caption\":\"agriKomp Bohemia\"},{\"@type\":\"BreadcrumbList\",\"@id\":\"https:\\\/\\\/www.agrikomp.com\\\/cs\\\/i4-04be\\\/#breadcrumb\",\"itemListElement\":[{\"@type\":\"ListItem\",\"position\":1,\"name\":\"Homepage\",\"item\":\"https:\\\/\\\/www.agrikomp.com\\\/cs\\\/\"},{\"@type\":\"ListItem\",\"position\":2,\"name\":\"EU-Projekte\",\"item\":\"https:\\\/\\\/www.agrikomp.com\\\/cs\\\/category\\\/eu-projekte-cs\\\/\"},{\"@type\":\"ListItem\",\"position\":3,\"name\":\"EU-Projekte ukon\u010den\u00e9\",\"item\":\"https:\\\/\\\/www.agrikomp.com\\\/cs\\\/category\\\/eu-projekte-cs\\\/eu-projekte-ukoncene\\\/\"},{\"@type\":\"ListItem\",\"position\":4,\"name\":\"I4.04BE\"}]},{\"@type\":\"WebSite\",\"@id\":\"https:\\\/\\\/agrikomp.com\\\/de\\\/#website\",\"url\":\"https:\\\/\\\/agrikomp.com\\\/de\\\/\",\"name\":\"agriKomp GmbH\",\"description\":\"Biogasanlagen und Biogastechnik wie sie gebraucht wird\",\"publisher\":{\"@id\":\"https:\\\/\\\/agrikomp.com\\\/de\\\/#organization\"},\"potentialAction\":[{\"@type\":\"SearchAction\",\"target\":{\"@type\":\"EntryPoint\",\"urlTemplate\":\"https:\\\/\\\/agrikomp.com\\\/de\\\/?s={search_term_string}\"},\"query-input\":{\"@type\":\"PropertyValueSpecification\",\"valueRequired\":true,\"valueName\":\"search_term_string\"}}],\"inLanguage\":\"cs\"},{\"@type\":\"Organization\",\"@id\":\"https:\\\/\\\/agrikomp.com\\\/de\\\/#organization\",\"name\":\"agriKomp\",\"url\":\"https:\\\/\\\/agrikomp.com\\\/de\\\/\",\"logo\":{\"@type\":\"ImageObject\",\"inLanguage\":\"cs\",\"@id\":\"https:\\\/\\\/agrikomp.com\\\/de\\\/#\\\/schema\\\/logo\\\/image\\\/\",\"url\":\"https:\\\/\\\/www.agrikomp.com\\\/wp-content\\\/uploads\\\/2020\\\/11\\\/150224_aKlogo-grau_quer.png\",\"contentUrl\":\"https:\\\/\\\/www.agrikomp.com\\\/wp-content\\\/uploads\\\/2020\\\/11\\\/150224_aKlogo-grau_quer.png\",\"width\":2560,\"height\":455,\"caption\":\"agriKomp\"},\"image\":{\"@id\":\"https:\\\/\\\/agrikomp.com\\\/de\\\/#\\\/schema\\\/logo\\\/image\\\/\"},\"sameAs\":[\"https:\\\/\\\/www.facebook.com\\\/agriKomp.Deutschland\",\"https:\\\/\\\/www.instagram.com\\\/agrikomp\\\/?hl=en\",\"https:\\\/\\\/www.linkedin.com\\\/company\\\/5254243\\\/\",\"https:\\\/\\\/www.youtube.com\\\/@AgrikompDeutschland\"]},{\"@type\":\"Person\",\"@id\":\"https:\\\/\\\/agrikomp.com\\\/de\\\/#\\\/schema\\\/person\\\/13634fa070f0542413fc0f3b0d304ef2\",\"name\":\"Marketing\"}]}<\/script>\n<!-- \/ Yoast SEO Premium plugin. -->","yoast_head_json":{"title":"I4.04BE - agriKomp GmbH","robots":{"index":"index","follow":"follow","max-snippet":"max-snippet:-1","max-image-preview":"max-image-preview:large","max-video-preview":"max-video-preview:-1"},"canonical":"https:\/\/www.agrikomp.com\/cs\/i4-04be\/","og_locale":"cs_CZ","og_type":"article","og_title":"I4.04BE","og_description":"Vyu\u017eit\u00ed digitalizace pro podporu udr\u017eiteln\u00e9 zem\u011bd\u011blsk\u00e9 produkce O PROJEKTUPrecizn\u00ed zem\u011bd\u011blstv\u00ed a digitalizace pro produkci bio hnojiva na m\u00edru zem\u011bd\u011blsk\u00e9 praxi pro sn\u00ed\u017een\u00ed environment\u00e1ln\u00ed z\u00e1t\u011b\u017ee. Absolutn\u00ed v\u011bt\u0161ina kompost\u00e1ren byla postavena s vyu\u017eit\u00edm fond\u016f OP \u017dP v letech 2007-13 v dob\u011b, kdy existovalo jen velmi m\u00e1lo zku\u0161en\u00fdch projektant\u016f. Velk\u00e1 \u010d\u00e1st z nich byla postavena pouze na zpracov\u00e1n\u00ed [&hellip;]","og_url":"https:\/\/www.agrikomp.com\/cs\/i4-04be\/","og_site_name":"agriKomp GmbH","article_publisher":"https:\/\/www.facebook.com\/agriKomp.Deutschland","article_published_time":"2024-06-12T11:53:04+00:00","article_modified_time":"2024-06-12T13:10:31+00:00","og_image":[{"width":1199,"height":799,"url":"https:\/\/www.agrikomp.com\/wp-content\/uploads\/2021\/03\/ak_mkd_gebaeude_halle_web-e1619435923634.jpg","type":"image\/jpeg"}],"author":"Marketing","twitter_card":"summary_large_image","twitter_misc":{"Napsal(a)":"Marketing","Odhadovan\u00e1 doba \u010dten\u00ed":"3 minuty"},"schema":{"@context":"https:\/\/schema.org","@graph":[{"@type":"Article","@id":"https:\/\/www.agrikomp.com\/cs\/i4-04be\/#article","isPartOf":{"@id":"https:\/\/www.agrikomp.com\/cs\/i4-04be\/"},"author":{"name":"Marketing","@id":"https:\/\/agrikomp.com\/de\/#\/schema\/person\/13634fa070f0542413fc0f3b0d304ef2"},"headline":"I4.04BE","datePublished":"2024-06-12T11:53:04+00:00","dateModified":"2024-06-12T13:10:31+00:00","mainEntityOfPage":{"@id":"https:\/\/www.agrikomp.com\/cs\/i4-04be\/"},"wordCount":437,"publisher":{"@id":"https:\/\/agrikomp.com\/de\/#organization"},"image":{"@id":"https:\/\/www.agrikomp.com\/cs\/i4-04be\/#primaryimage"},"thumbnailUrl":"https:\/\/www.agrikomp.com\/wp-content\/uploads\/2021\/03\/ak_mkd_gebaeude_halle_web-e1619435923634.jpg","articleSection":["EU-Projekte ukon\u010den\u00e9"],"inLanguage":"cs"},{"@type":"WebPage","@id":"https:\/\/www.agrikomp.com\/cs\/i4-04be\/","url":"https:\/\/www.agrikomp.com\/cs\/i4-04be\/","name":"I4.04BE - agriKomp GmbH","isPartOf":{"@id":"https:\/\/agrikomp.com\/de\/#website"},"primaryImageOfPage":{"@id":"https:\/\/www.agrikomp.com\/cs\/i4-04be\/#primaryimage"},"image":{"@id":"https:\/\/www.agrikomp.com\/cs\/i4-04be\/#primaryimage"},"thumbnailUrl":"https:\/\/www.agrikomp.com\/wp-content\/uploads\/2021\/03\/ak_mkd_gebaeude_halle_web-e1619435923634.jpg","datePublished":"2024-06-12T11:53:04+00:00","dateModified":"2024-06-12T13:10:31+00:00","breadcrumb":{"@id":"https:\/\/www.agrikomp.com\/cs\/i4-04be\/#breadcrumb"},"inLanguage":"cs","potentialAction":[{"@type":"ReadAction","target":["https:\/\/www.agrikomp.com\/cs\/i4-04be\/"]}]},{"@type":"ImageObject","inLanguage":"cs","@id":"https:\/\/www.agrikomp.com\/cs\/i4-04be\/#primaryimage","url":"https:\/\/www.agrikomp.com\/wp-content\/uploads\/2021\/03\/ak_mkd_gebaeude_halle_web-e1619435923634.jpg","contentUrl":"https:\/\/www.agrikomp.com\/wp-content\/uploads\/2021\/03\/ak_mkd_gebaeude_halle_web-e1619435923634.jpg","width":1199,"height":799,"caption":"agriKomp Bohemia"},{"@type":"BreadcrumbList","@id":"https:\/\/www.agrikomp.com\/cs\/i4-04be\/#breadcrumb","itemListElement":[{"@type":"ListItem","position":1,"name":"Homepage","item":"https:\/\/www.agrikomp.com\/cs\/"},{"@type":"ListItem","position":2,"name":"EU-Projekte","item":"https:\/\/www.agrikomp.com\/cs\/category\/eu-projekte-cs\/"},{"@type":"ListItem","position":3,"name":"EU-Projekte ukon\u010den\u00e9","item":"https:\/\/www.agrikomp.com\/cs\/category\/eu-projekte-cs\/eu-projekte-ukoncene\/"},{"@type":"ListItem","position":4,"name":"I4.04BE"}]},{"@type":"WebSite","@id":"https:\/\/agrikomp.com\/de\/#website","url":"https:\/\/agrikomp.com\/de\/","name":"agriKomp GmbH","description":"Biogasanlagen und Biogastechnik wie sie gebraucht wird","publisher":{"@id":"https:\/\/agrikomp.com\/de\/#organization"},"potentialAction":[{"@type":"SearchAction","target":{"@type":"EntryPoint","urlTemplate":"https:\/\/agrikomp.com\/de\/?s={search_term_string}"},"query-input":{"@type":"PropertyValueSpecification","valueRequired":true,"valueName":"search_term_string"}}],"inLanguage":"cs"},{"@type":"Organization","@id":"https:\/\/agrikomp.com\/de\/#organization","name":"agriKomp","url":"https:\/\/agrikomp.com\/de\/","logo":{"@type":"ImageObject","inLanguage":"cs","@id":"https:\/\/agrikomp.com\/de\/#\/schema\/logo\/image\/","url":"https:\/\/www.agrikomp.com\/wp-content\/uploads\/2020\/11\/150224_aKlogo-grau_quer.png","contentUrl":"https:\/\/www.agrikomp.com\/wp-content\/uploads\/2020\/11\/150224_aKlogo-grau_quer.png","width":2560,"height":455,"caption":"agriKomp"},"image":{"@id":"https:\/\/agrikomp.com\/de\/#\/schema\/logo\/image\/"},"sameAs":["https:\/\/www.facebook.com\/agriKomp.Deutschland","https:\/\/www.instagram.com\/agrikomp\/?hl=en","https:\/\/www.linkedin.com\/company\/5254243\/","https:\/\/www.youtube.com\/@AgrikompDeutschland"]},{"@type":"Person","@id":"https:\/\/agrikomp.com\/de\/#\/schema\/person\/13634fa070f0542413fc0f3b0d304ef2","name":"Marketing"}]}},"_links":{"self":[{"href":"https:\/\/www.agrikomp.com\/cs\/wp-json\/wp\/v2\/posts\/39477","targetHints":{"allow":["GET"]}}],"collection":[{"href":"https:\/\/www.agrikomp.com\/cs\/wp-json\/wp\/v2\/posts"}],"about":[{"href":"https:\/\/www.agrikomp.com\/cs\/wp-json\/wp\/v2\/types\/post"}],"author":[{"embeddable":true,"href":"https:\/\/www.agrikomp.com\/cs\/wp-json\/wp\/v2\/users\/2"}],"replies":[{"embeddable":true,"href":"https:\/\/www.agrikomp.com\/cs\/wp-json\/wp\/v2\/comments?post=39477"}],"version-history":[{"count":10,"href":"https:\/\/www.agrikomp.com\/cs\/wp-json\/wp\/v2\/posts\/39477\/revisions"}],"predecessor-version":[{"id":39500,"href":"https:\/\/www.agrikomp.com\/cs\/wp-json\/wp\/v2\/posts\/39477\/revisions\/39500"}],"wp:featuredmedia":[{"embeddable":true,"href":"https:\/\/www.agrikomp.com\/cs\/wp-json\/wp\/v2\/media\/19943"}],"wp:attachment":[{"href":"https:\/\/www.agrikomp.com\/cs\/wp-json\/wp\/v2\/media?parent=39477"}],"wp:term":[{"taxonomy":"category","embeddable":true,"href":"https:\/\/www.agrikomp.com\/cs\/wp-json\/wp\/v2\/categories?post=39477"},{"taxonomy":"post_tag","embeddable":true,"href":"https:\/\/www.agrikomp.com\/cs\/wp-json\/wp\/v2\/tags?post=39477"}],"curies":[{"name":"wp","href":"https:\/\/api.w.org\/{rel}","templated":true}]}}