{"id":39450,"date":"2024-06-12T10:56:15","date_gmt":"2024-06-12T10:56:15","guid":{"rendered":"https:\/\/www.agrikomp.com\/?p=39450"},"modified":"2024-06-12T13:10:41","modified_gmt":"2024-06-12T13:10:41","slug":"vyuziti-silaze-vyrobene-z-repnych-skrojku-a-obilne-slamy-pri-kritickem-nedostatku-kukuricne-silaze","status":"publish","type":"post","link":"https:\/\/www.agrikomp.com\/cs\/vyuziti-silaze-vyrobene-z-repnych-skrojku-a-obilne-slamy-pri-kritickem-nedostatku-kukuricne-silaze\/","title":{"rendered":"Vyu\u017eit\u00ed sil\u00e1\u017ee vyroben\u00e9 z &#8220;\u0159epn\u00fdch skrojk\u016f a obiln\u00e9 sl\u00e1my&#8221; p\u0159i kritick\u00e9m nedostatku kuku\u0159i\u010dn\u00e9 sil\u00e1\u017ee"},"content":{"rendered":"\t\t<div data-elementor-type=\"wp-post\" data-elementor-id=\"39450\" class=\"elementor elementor-39450\" data-elementor-post-type=\"post\">\n\t\t\t\t\t\t<section class=\"elementor-section elementor-top-section elementor-element elementor-element-2741f7f4 elementor-section-boxed elementor-section-height-default elementor-section-height-default\" data-id=\"2741f7f4\" data-element_type=\"section\" data-e-type=\"section\">\n\t\t\t\t\t\t<div class=\"elementor-container elementor-column-gap-default\">\n\t\t\t\t\t<div class=\"elementor-column elementor-col-100 elementor-top-column elementor-element elementor-element-5563a326\" data-id=\"5563a326\" data-element_type=\"column\" data-e-type=\"column\">\n\t\t\t<div class=\"elementor-widget-wrap elementor-element-populated\">\n\t\t\t\t\t\t<div class=\"elementor-element elementor-element-3e1cf515 elementor-widget elementor-widget-text-editor\" data-id=\"3e1cf515\" data-element_type=\"widget\" data-e-type=\"widget\" data-widget_type=\"text-editor.default\">\n\t\t\t\t<div class=\"elementor-widget-container\">\n\t\t\t\t\t\t\t\t\t<p><strong>O PROJEKTU<\/strong><br \/>C\u00edlem projektu je ov\u011b\u0159en\u00ed\u00a0 mo\u017enosti vyu\u017eit\u00ed sil\u00e1\u017ee vyroben\u00e9 z &#8220;\u0159epn\u00fdch skrojk\u016f a obiln\u00e9 sl\u00e1my&#8221; pro pot\u0159eby udr\u017een\u00ed produkce bioplynu \u010di samotn\u00e9ho chodu bioplynov\u00fdch stanic (BPS) v p\u0159\u00edpad\u011b nedostatku kl\u00ed\u010dov\u00e9 kuku\u0159i\u010dn\u00e9 biomasy ovlivn\u011bn\u00e9 extr\u00e9my po\u010das\u00ed. V r\u00e1mci energetick\u00e9 bezpe\u010dnosti nar\u016fst\u00e1 v\u00fdznam pod\u00edlu energie vyroben\u00e9 z obnoviteln\u00fdch zdroj\u016f produkuj\u00edc\u00edch bioplyn a el. energii, vzhledem k tomu je dostatek suroviny vstupuj\u00edc\u00ed do procesu metanogeneze kl\u00ed\u010dov\u00fdm prvkem. Na z\u00e1kl. s\u00e9ri\u00ed laboratorn\u00edch experiment\u016f bude navr\u017eena a up\u0159esn\u011bna metodika na produkci a vyu\u017eit\u00ed n\u00e1hradn\u00ed sil\u00e1\u017ee v r\u00e1mci energetick\u00e9 bezpe\u010dnosti produkce energie v BPS. Z\u00edskan\u00e9 poznatky budu ov\u011b\u0159eny v r\u00e1mci zkou\u0161ek v poloprovozn\u00edm mikrofermentoru. V\u00fdsledky projektu budou vyu\u017eiteln\u00e9 v podnic\u00edch, kter\u00e9 provozuj\u00ed zem\u011bd\u011blsk\u00e9 BPS.<br \/><strong>Ozna\u010den\u00ed:<\/strong> TS01020188<br \/><strong>Origin\u00e1ln\u00ed jazyk:<\/strong> \u010de\u0161tina<br \/><strong>\u0158e\u0161itel\u00e9:<\/strong> Ing. Magda Vi\u010d\u00edkov\u00e1<br \/><strong>Doba \u0159e\u0161en\u00ed:<\/strong> 7\/2024 &#8211; 6\/2028<br \/><strong>Partne\u0159i projektu:<\/strong><br \/>Zem\u011bd\u011blsk\u00fd v\u00fdzkum,spol. s r.o. \u2013 hlavn\u00ed \u0159e\u0161itel<br \/>Mendelova univerzita v Brn\u011b &#8211; Agronomick\u00e1 fakulta<br \/>agriKomp Bohemia s.r.o.<br \/><strong>Zdroje financov\u00e1n\u00ed:<\/strong> Technologick\u00e1 agentura \u010cR \u2013 Program TH\u00c9TA 2 &#8211;<br \/>Podprogram 2 \u2013 Energetick\u00e9 technologie pro konkurenceschopnost<\/p>\t\t\t\t\t\t\t\t<\/div>\n\t\t\t\t<\/div>\n\t\t\t\t<div class=\"elementor-element elementor-element-1b9da4e elementor-widget elementor-widget-image\" data-id=\"1b9da4e\" data-element_type=\"widget\" data-e-type=\"widget\" data-widget_type=\"image.default\">\n\t\t\t\t<div class=\"elementor-widget-container\">\n\t\t\t\t\t\t\t\t\t\t\t\t\t\t\t\t<a href=\"http:\/\/www.tacr.cz\" target=\"_blank\">\n\t\t\t\t\t\t\t<img fetchpriority=\"high\" decoding=\"async\" width=\"800\" height=\"219\" src=\"https:\/\/www.agrikomp.com\/wp-content\/uploads\/Bild3-1024x280.jpg\" class=\"attachment-large size-large wp-image-39467\" alt=\"\" srcset=\"https:\/\/www.agrikomp.com\/wp-content\/uploads\/Bild3-1024x280.jpg 1024w, https:\/\/www.agrikomp.com\/wp-content\/uploads\/Bild3-300x82.jpg 300w, https:\/\/www.agrikomp.com\/wp-content\/uploads\/Bild3-768x210.jpg 768w, https:\/\/www.agrikomp.com\/wp-content\/uploads\/Bild3.jpg 1080w\" sizes=\"(max-width: 800px) 100vw, 800px\" \/>\t\t\t\t\t\t\t\t<\/a>\n\t\t\t\t\t\t\t\t\t\t\t\t\t\t\t<\/div>\n\t\t\t\t<\/div>\n\t\t\t\t\t<\/div>\n\t\t<\/div>\n\t\t\t\t\t<\/div>\n\t\t<\/section>\n\t\t\t\t<\/div>\n\t\t","protected":false},"excerpt":{"rendered":"<p>O PROJEKTUC\u00edlem projektu je ov\u011b\u0159en\u00ed\u00a0 mo\u017enosti vyu\u017eit\u00ed sil\u00e1\u017ee vyroben\u00e9 z &#8220;\u0159epn\u00fdch skrojk\u016f a obiln\u00e9 sl\u00e1my&#8221; pro pot\u0159eby udr\u017een\u00ed produkce bioplynu \u010di samotn\u00e9ho chodu bioplynov\u00fdch stanic (BPS) v p\u0159\u00edpad\u011b nedostatku kl\u00ed\u010dov\u00e9 kuku\u0159i\u010dn\u00e9 biomasy ovlivn\u011bn\u00e9 extr\u00e9my po\u010das\u00ed. V r\u00e1mci energetick\u00e9 bezpe\u010dnosti nar\u016fst\u00e1 v\u00fdznam pod\u00edlu energie vyroben\u00e9 z obnoviteln\u00fdch zdroj\u016f produkuj\u00edc\u00edch bioplyn a el. energii, vzhledem k tomu [&hellip;]<\/p>\n","protected":false},"author":2,"featured_media":19943,"comment_status":"closed","ping_status":"closed","sticky":false,"template":"","format":"standard","meta":{"footnotes":""},"categories":[270],"tags":[],"class_list":["post-39450","post","type-post","status-publish","format-standard","has-post-thumbnail","hentry","category-eu-projekte-aktualne"],"yoast_head":"<!-- This site is optimized with the Yoast SEO Premium plugin v27.4 (Yoast SEO v27.4) - https:\/\/yoast.com\/product\/yoast-seo-premium-wordpress\/ -->\n<title>Vyu\u017eit\u00ed sil\u00e1\u017ee vyroben\u00e9 z &quot;\u0159epn\u00fdch skrojk\u016f a obiln\u00e9 sl\u00e1my&quot; p\u0159i kritick\u00e9m nedostatku kuku\u0159i\u010dn\u00e9 sil\u00e1\u017ee - agriKomp GmbH<\/title>\n<meta name=\"robots\" content=\"index, follow, max-snippet:-1, max-image-preview:large, max-video-preview:-1\" \/>\n<link rel=\"canonical\" href=\"https:\/\/www.agrikomp.com\/cs\/vyuziti-silaze-vyrobene-z-repnych-skrojku-a-obilne-slamy-pri-kritickem-nedostatku-kukuricne-silaze\/\" \/>\n<meta property=\"og:locale\" content=\"cs_CZ\" \/>\n<meta property=\"og:type\" content=\"article\" \/>\n<meta property=\"og:title\" content=\"Vyu\u017eit\u00ed sil\u00e1\u017ee vyroben\u00e9 z &quot;\u0159epn\u00fdch skrojk\u016f a obiln\u00e9 sl\u00e1my&quot; p\u0159i kritick\u00e9m nedostatku kuku\u0159i\u010dn\u00e9 sil\u00e1\u017ee\" \/>\n<meta property=\"og:description\" content=\"O PROJEKTUC\u00edlem projektu je ov\u011b\u0159en\u00ed\u00a0 mo\u017enosti vyu\u017eit\u00ed sil\u00e1\u017ee vyroben\u00e9 z &#8220;\u0159epn\u00fdch skrojk\u016f a obiln\u00e9 sl\u00e1my&#8221; pro pot\u0159eby udr\u017een\u00ed produkce bioplynu \u010di samotn\u00e9ho chodu bioplynov\u00fdch stanic (BPS) v p\u0159\u00edpad\u011b nedostatku kl\u00ed\u010dov\u00e9 kuku\u0159i\u010dn\u00e9 biomasy ovlivn\u011bn\u00e9 extr\u00e9my po\u010das\u00ed. V r\u00e1mci energetick\u00e9 bezpe\u010dnosti nar\u016fst\u00e1 v\u00fdznam pod\u00edlu energie vyroben\u00e9 z obnoviteln\u00fdch zdroj\u016f produkuj\u00edc\u00edch bioplyn a el. energii, vzhledem k tomu [&hellip;]\" \/>\n<meta property=\"og:url\" content=\"https:\/\/www.agrikomp.com\/cs\/vyuziti-silaze-vyrobene-z-repnych-skrojku-a-obilne-slamy-pri-kritickem-nedostatku-kukuricne-silaze\/\" \/>\n<meta property=\"og:site_name\" content=\"agriKomp GmbH\" \/>\n<meta property=\"article:publisher\" content=\"https:\/\/www.facebook.com\/agriKomp.Deutschland\" \/>\n<meta property=\"article:published_time\" content=\"2024-06-12T10:56:15+00:00\" \/>\n<meta property=\"article:modified_time\" content=\"2024-06-12T13:10:41+00:00\" \/>\n<meta property=\"og:image\" content=\"https:\/\/www.agrikomp.com\/wp-content\/uploads\/2021\/03\/ak_mkd_gebaeude_halle_web-e1619435923634.jpg\" \/>\n\t<meta property=\"og:image:width\" content=\"1199\" \/>\n\t<meta property=\"og:image:height\" content=\"799\" \/>\n\t<meta property=\"og:image:type\" content=\"image\/jpeg\" \/>\n<meta name=\"author\" content=\"Marketing\" \/>\n<meta name=\"twitter:card\" content=\"summary_large_image\" \/>\n<meta name=\"twitter:label1\" content=\"Napsal(a)\" \/>\n\t<meta name=\"twitter:data1\" content=\"Marketing\" \/>\n\t<meta name=\"twitter:label2\" content=\"Odhadovan\u00e1 doba \u010dten\u00ed\" \/>\n\t<meta name=\"twitter:data2\" content=\"2 minuty\" \/>\n<script type=\"application\/ld+json\" class=\"yoast-schema-graph\">{\"@context\":\"https:\\\/\\\/schema.org\",\"@graph\":[{\"@type\":\"Article\",\"@id\":\"https:\\\/\\\/www.agrikomp.com\\\/cs\\\/vyuziti-silaze-vyrobene-z-repnych-skrojku-a-obilne-slamy-pri-kritickem-nedostatku-kukuricne-silaze\\\/#article\",\"isPartOf\":{\"@id\":\"https:\\\/\\\/www.agrikomp.com\\\/cs\\\/vyuziti-silaze-vyrobene-z-repnych-skrojku-a-obilne-slamy-pri-kritickem-nedostatku-kukuricne-silaze\\\/\"},\"author\":{\"name\":\"Marketing\",\"@id\":\"https:\\\/\\\/agrikomp.com\\\/de\\\/#\\\/schema\\\/person\\\/13634fa070f0542413fc0f3b0d304ef2\"},\"headline\":\"Vyu\u017eit\u00ed sil\u00e1\u017ee vyroben\u00e9 z &#8220;\u0159epn\u00fdch skrojk\u016f a obiln\u00e9 sl\u00e1my&#8221; p\u0159i kritick\u00e9m nedostatku kuku\u0159i\u010dn\u00e9 sil\u00e1\u017ee\",\"datePublished\":\"2024-06-12T10:56:15+00:00\",\"dateModified\":\"2024-06-12T13:10:41+00:00\",\"mainEntityOfPage\":{\"@id\":\"https:\\\/\\\/www.agrikomp.com\\\/cs\\\/vyuziti-silaze-vyrobene-z-repnych-skrojku-a-obilne-slamy-pri-kritickem-nedostatku-kukuricne-silaze\\\/\"},\"wordCount\":239,\"publisher\":{\"@id\":\"https:\\\/\\\/agrikomp.com\\\/de\\\/#organization\"},\"image\":{\"@id\":\"https:\\\/\\\/www.agrikomp.com\\\/cs\\\/vyuziti-silaze-vyrobene-z-repnych-skrojku-a-obilne-slamy-pri-kritickem-nedostatku-kukuricne-silaze\\\/#primaryimage\"},\"thumbnailUrl\":\"https:\\\/\\\/www.agrikomp.com\\\/wp-content\\\/uploads\\\/2021\\\/03\\\/ak_mkd_gebaeude_halle_web-e1619435923634.jpg\",\"articleSection\":[\"EU-Projekte AKTU\u00c1LN\u011a\"],\"inLanguage\":\"cs\"},{\"@type\":\"WebPage\",\"@id\":\"https:\\\/\\\/www.agrikomp.com\\\/cs\\\/vyuziti-silaze-vyrobene-z-repnych-skrojku-a-obilne-slamy-pri-kritickem-nedostatku-kukuricne-silaze\\\/\",\"url\":\"https:\\\/\\\/www.agrikomp.com\\\/cs\\\/vyuziti-silaze-vyrobene-z-repnych-skrojku-a-obilne-slamy-pri-kritickem-nedostatku-kukuricne-silaze\\\/\",\"name\":\"Vyu\u017eit\u00ed sil\u00e1\u017ee vyroben\u00e9 z \\\"\u0159epn\u00fdch skrojk\u016f a obiln\u00e9 sl\u00e1my\\\" p\u0159i kritick\u00e9m nedostatku kuku\u0159i\u010dn\u00e9 sil\u00e1\u017ee - agriKomp GmbH\",\"isPartOf\":{\"@id\":\"https:\\\/\\\/agrikomp.com\\\/de\\\/#website\"},\"primaryImageOfPage\":{\"@id\":\"https:\\\/\\\/www.agrikomp.com\\\/cs\\\/vyuziti-silaze-vyrobene-z-repnych-skrojku-a-obilne-slamy-pri-kritickem-nedostatku-kukuricne-silaze\\\/#primaryimage\"},\"image\":{\"@id\":\"https:\\\/\\\/www.agrikomp.com\\\/cs\\\/vyuziti-silaze-vyrobene-z-repnych-skrojku-a-obilne-slamy-pri-kritickem-nedostatku-kukuricne-silaze\\\/#primaryimage\"},\"thumbnailUrl\":\"https:\\\/\\\/www.agrikomp.com\\\/wp-content\\\/uploads\\\/2021\\\/03\\\/ak_mkd_gebaeude_halle_web-e1619435923634.jpg\",\"datePublished\":\"2024-06-12T10:56:15+00:00\",\"dateModified\":\"2024-06-12T13:10:41+00:00\",\"breadcrumb\":{\"@id\":\"https:\\\/\\\/www.agrikomp.com\\\/cs\\\/vyuziti-silaze-vyrobene-z-repnych-skrojku-a-obilne-slamy-pri-kritickem-nedostatku-kukuricne-silaze\\\/#breadcrumb\"},\"inLanguage\":\"cs\",\"potentialAction\":[{\"@type\":\"ReadAction\",\"target\":[\"https:\\\/\\\/www.agrikomp.com\\\/cs\\\/vyuziti-silaze-vyrobene-z-repnych-skrojku-a-obilne-slamy-pri-kritickem-nedostatku-kukuricne-silaze\\\/\"]}]},{\"@type\":\"ImageObject\",\"inLanguage\":\"cs\",\"@id\":\"https:\\\/\\\/www.agrikomp.com\\\/cs\\\/vyuziti-silaze-vyrobene-z-repnych-skrojku-a-obilne-slamy-pri-kritickem-nedostatku-kukuricne-silaze\\\/#primaryimage\",\"url\":\"https:\\\/\\\/www.agrikomp.com\\\/wp-content\\\/uploads\\\/2021\\\/03\\\/ak_mkd_gebaeude_halle_web-e1619435923634.jpg\",\"contentUrl\":\"https:\\\/\\\/www.agrikomp.com\\\/wp-content\\\/uploads\\\/2021\\\/03\\\/ak_mkd_gebaeude_halle_web-e1619435923634.jpg\",\"width\":1199,\"height\":799,\"caption\":\"agriKomp Bohemia\"},{\"@type\":\"BreadcrumbList\",\"@id\":\"https:\\\/\\\/www.agrikomp.com\\\/cs\\\/vyuziti-silaze-vyrobene-z-repnych-skrojku-a-obilne-slamy-pri-kritickem-nedostatku-kukuricne-silaze\\\/#breadcrumb\",\"itemListElement\":[{\"@type\":\"ListItem\",\"position\":1,\"name\":\"Homepage\",\"item\":\"https:\\\/\\\/www.agrikomp.com\\\/cs\\\/\"},{\"@type\":\"ListItem\",\"position\":2,\"name\":\"EU-Projekte\",\"item\":\"https:\\\/\\\/www.agrikomp.com\\\/cs\\\/category\\\/eu-projekte-cs\\\/\"},{\"@type\":\"ListItem\",\"position\":3,\"name\":\"EU-Projekte AKTU\u00c1LN\u011a\",\"item\":\"https:\\\/\\\/www.agrikomp.com\\\/cs\\\/category\\\/eu-projekte-cs\\\/eu-projekte-aktualne\\\/\"},{\"@type\":\"ListItem\",\"position\":4,\"name\":\"Vyu\u017eit\u00ed sil\u00e1\u017ee vyroben\u00e9 z &#8220;\u0159epn\u00fdch skrojk\u016f a obiln\u00e9 sl\u00e1my&#8221; p\u0159i kritick\u00e9m nedostatku kuku\u0159i\u010dn\u00e9 sil\u00e1\u017ee\"}]},{\"@type\":\"WebSite\",\"@id\":\"https:\\\/\\\/agrikomp.com\\\/de\\\/#website\",\"url\":\"https:\\\/\\\/agrikomp.com\\\/de\\\/\",\"name\":\"agriKomp GmbH\",\"description\":\"Biogasanlagen und Biogastechnik wie sie gebraucht wird\",\"publisher\":{\"@id\":\"https:\\\/\\\/agrikomp.com\\\/de\\\/#organization\"},\"potentialAction\":[{\"@type\":\"SearchAction\",\"target\":{\"@type\":\"EntryPoint\",\"urlTemplate\":\"https:\\\/\\\/agrikomp.com\\\/de\\\/?s={search_term_string}\"},\"query-input\":{\"@type\":\"PropertyValueSpecification\",\"valueRequired\":true,\"valueName\":\"search_term_string\"}}],\"inLanguage\":\"cs\"},{\"@type\":\"Organization\",\"@id\":\"https:\\\/\\\/agrikomp.com\\\/de\\\/#organization\",\"name\":\"agriKomp\",\"url\":\"https:\\\/\\\/agrikomp.com\\\/de\\\/\",\"logo\":{\"@type\":\"ImageObject\",\"inLanguage\":\"cs\",\"@id\":\"https:\\\/\\\/agrikomp.com\\\/de\\\/#\\\/schema\\\/logo\\\/image\\\/\",\"url\":\"https:\\\/\\\/www.agrikomp.com\\\/wp-content\\\/uploads\\\/2020\\\/11\\\/150224_aKlogo-grau_quer.png\",\"contentUrl\":\"https:\\\/\\\/www.agrikomp.com\\\/wp-content\\\/uploads\\\/2020\\\/11\\\/150224_aKlogo-grau_quer.png\",\"width\":2560,\"height\":455,\"caption\":\"agriKomp\"},\"image\":{\"@id\":\"https:\\\/\\\/agrikomp.com\\\/de\\\/#\\\/schema\\\/logo\\\/image\\\/\"},\"sameAs\":[\"https:\\\/\\\/www.facebook.com\\\/agriKomp.Deutschland\",\"https:\\\/\\\/www.instagram.com\\\/agrikomp\\\/?hl=en\",\"https:\\\/\\\/www.linkedin.com\\\/company\\\/5254243\\\/\",\"https:\\\/\\\/www.youtube.com\\\/@AgrikompDeutschland\"]},{\"@type\":\"Person\",\"@id\":\"https:\\\/\\\/agrikomp.com\\\/de\\\/#\\\/schema\\\/person\\\/13634fa070f0542413fc0f3b0d304ef2\",\"name\":\"Marketing\"}]}<\/script>\n<!-- \/ Yoast SEO Premium plugin. -->","yoast_head_json":{"title":"Vyu\u017eit\u00ed sil\u00e1\u017ee vyroben\u00e9 z \"\u0159epn\u00fdch skrojk\u016f a obiln\u00e9 sl\u00e1my\" p\u0159i kritick\u00e9m nedostatku kuku\u0159i\u010dn\u00e9 sil\u00e1\u017ee - agriKomp GmbH","robots":{"index":"index","follow":"follow","max-snippet":"max-snippet:-1","max-image-preview":"max-image-preview:large","max-video-preview":"max-video-preview:-1"},"canonical":"https:\/\/www.agrikomp.com\/cs\/vyuziti-silaze-vyrobene-z-repnych-skrojku-a-obilne-slamy-pri-kritickem-nedostatku-kukuricne-silaze\/","og_locale":"cs_CZ","og_type":"article","og_title":"Vyu\u017eit\u00ed sil\u00e1\u017ee vyroben\u00e9 z \"\u0159epn\u00fdch skrojk\u016f a obiln\u00e9 sl\u00e1my\" p\u0159i kritick\u00e9m nedostatku kuku\u0159i\u010dn\u00e9 sil\u00e1\u017ee","og_description":"O PROJEKTUC\u00edlem projektu je ov\u011b\u0159en\u00ed\u00a0 mo\u017enosti vyu\u017eit\u00ed sil\u00e1\u017ee vyroben\u00e9 z &#8220;\u0159epn\u00fdch skrojk\u016f a obiln\u00e9 sl\u00e1my&#8221; pro pot\u0159eby udr\u017een\u00ed produkce bioplynu \u010di samotn\u00e9ho chodu bioplynov\u00fdch stanic (BPS) v p\u0159\u00edpad\u011b nedostatku kl\u00ed\u010dov\u00e9 kuku\u0159i\u010dn\u00e9 biomasy ovlivn\u011bn\u00e9 extr\u00e9my po\u010das\u00ed. V r\u00e1mci energetick\u00e9 bezpe\u010dnosti nar\u016fst\u00e1 v\u00fdznam pod\u00edlu energie vyroben\u00e9 z obnoviteln\u00fdch zdroj\u016f produkuj\u00edc\u00edch bioplyn a el. energii, vzhledem k tomu [&hellip;]","og_url":"https:\/\/www.agrikomp.com\/cs\/vyuziti-silaze-vyrobene-z-repnych-skrojku-a-obilne-slamy-pri-kritickem-nedostatku-kukuricne-silaze\/","og_site_name":"agriKomp GmbH","article_publisher":"https:\/\/www.facebook.com\/agriKomp.Deutschland","article_published_time":"2024-06-12T10:56:15+00:00","article_modified_time":"2024-06-12T13:10:41+00:00","og_image":[{"width":1199,"height":799,"url":"https:\/\/www.agrikomp.com\/wp-content\/uploads\/2021\/03\/ak_mkd_gebaeude_halle_web-e1619435923634.jpg","type":"image\/jpeg"}],"author":"Marketing","twitter_card":"summary_large_image","twitter_misc":{"Napsal(a)":"Marketing","Odhadovan\u00e1 doba \u010dten\u00ed":"2 minuty"},"schema":{"@context":"https:\/\/schema.org","@graph":[{"@type":"Article","@id":"https:\/\/www.agrikomp.com\/cs\/vyuziti-silaze-vyrobene-z-repnych-skrojku-a-obilne-slamy-pri-kritickem-nedostatku-kukuricne-silaze\/#article","isPartOf":{"@id":"https:\/\/www.agrikomp.com\/cs\/vyuziti-silaze-vyrobene-z-repnych-skrojku-a-obilne-slamy-pri-kritickem-nedostatku-kukuricne-silaze\/"},"author":{"name":"Marketing","@id":"https:\/\/agrikomp.com\/de\/#\/schema\/person\/13634fa070f0542413fc0f3b0d304ef2"},"headline":"Vyu\u017eit\u00ed sil\u00e1\u017ee vyroben\u00e9 z &#8220;\u0159epn\u00fdch skrojk\u016f a obiln\u00e9 sl\u00e1my&#8221; p\u0159i kritick\u00e9m nedostatku kuku\u0159i\u010dn\u00e9 sil\u00e1\u017ee","datePublished":"2024-06-12T10:56:15+00:00","dateModified":"2024-06-12T13:10:41+00:00","mainEntityOfPage":{"@id":"https:\/\/www.agrikomp.com\/cs\/vyuziti-silaze-vyrobene-z-repnych-skrojku-a-obilne-slamy-pri-kritickem-nedostatku-kukuricne-silaze\/"},"wordCount":239,"publisher":{"@id":"https:\/\/agrikomp.com\/de\/#organization"},"image":{"@id":"https:\/\/www.agrikomp.com\/cs\/vyuziti-silaze-vyrobene-z-repnych-skrojku-a-obilne-slamy-pri-kritickem-nedostatku-kukuricne-silaze\/#primaryimage"},"thumbnailUrl":"https:\/\/www.agrikomp.com\/wp-content\/uploads\/2021\/03\/ak_mkd_gebaeude_halle_web-e1619435923634.jpg","articleSection":["EU-Projekte AKTU\u00c1LN\u011a"],"inLanguage":"cs"},{"@type":"WebPage","@id":"https:\/\/www.agrikomp.com\/cs\/vyuziti-silaze-vyrobene-z-repnych-skrojku-a-obilne-slamy-pri-kritickem-nedostatku-kukuricne-silaze\/","url":"https:\/\/www.agrikomp.com\/cs\/vyuziti-silaze-vyrobene-z-repnych-skrojku-a-obilne-slamy-pri-kritickem-nedostatku-kukuricne-silaze\/","name":"Vyu\u017eit\u00ed sil\u00e1\u017ee vyroben\u00e9 z \"\u0159epn\u00fdch skrojk\u016f a obiln\u00e9 sl\u00e1my\" p\u0159i kritick\u00e9m nedostatku kuku\u0159i\u010dn\u00e9 sil\u00e1\u017ee - agriKomp GmbH","isPartOf":{"@id":"https:\/\/agrikomp.com\/de\/#website"},"primaryImageOfPage":{"@id":"https:\/\/www.agrikomp.com\/cs\/vyuziti-silaze-vyrobene-z-repnych-skrojku-a-obilne-slamy-pri-kritickem-nedostatku-kukuricne-silaze\/#primaryimage"},"image":{"@id":"https:\/\/www.agrikomp.com\/cs\/vyuziti-silaze-vyrobene-z-repnych-skrojku-a-obilne-slamy-pri-kritickem-nedostatku-kukuricne-silaze\/#primaryimage"},"thumbnailUrl":"https:\/\/www.agrikomp.com\/wp-content\/uploads\/2021\/03\/ak_mkd_gebaeude_halle_web-e1619435923634.jpg","datePublished":"2024-06-12T10:56:15+00:00","dateModified":"2024-06-12T13:10:41+00:00","breadcrumb":{"@id":"https:\/\/www.agrikomp.com\/cs\/vyuziti-silaze-vyrobene-z-repnych-skrojku-a-obilne-slamy-pri-kritickem-nedostatku-kukuricne-silaze\/#breadcrumb"},"inLanguage":"cs","potentialAction":[{"@type":"ReadAction","target":["https:\/\/www.agrikomp.com\/cs\/vyuziti-silaze-vyrobene-z-repnych-skrojku-a-obilne-slamy-pri-kritickem-nedostatku-kukuricne-silaze\/"]}]},{"@type":"ImageObject","inLanguage":"cs","@id":"https:\/\/www.agrikomp.com\/cs\/vyuziti-silaze-vyrobene-z-repnych-skrojku-a-obilne-slamy-pri-kritickem-nedostatku-kukuricne-silaze\/#primaryimage","url":"https:\/\/www.agrikomp.com\/wp-content\/uploads\/2021\/03\/ak_mkd_gebaeude_halle_web-e1619435923634.jpg","contentUrl":"https:\/\/www.agrikomp.com\/wp-content\/uploads\/2021\/03\/ak_mkd_gebaeude_halle_web-e1619435923634.jpg","width":1199,"height":799,"caption":"agriKomp Bohemia"},{"@type":"BreadcrumbList","@id":"https:\/\/www.agrikomp.com\/cs\/vyuziti-silaze-vyrobene-z-repnych-skrojku-a-obilne-slamy-pri-kritickem-nedostatku-kukuricne-silaze\/#breadcrumb","itemListElement":[{"@type":"ListItem","position":1,"name":"Homepage","item":"https:\/\/www.agrikomp.com\/cs\/"},{"@type":"ListItem","position":2,"name":"EU-Projekte","item":"https:\/\/www.agrikomp.com\/cs\/category\/eu-projekte-cs\/"},{"@type":"ListItem","position":3,"name":"EU-Projekte AKTU\u00c1LN\u011a","item":"https:\/\/www.agrikomp.com\/cs\/category\/eu-projekte-cs\/eu-projekte-aktualne\/"},{"@type":"ListItem","position":4,"name":"Vyu\u017eit\u00ed sil\u00e1\u017ee vyroben\u00e9 z &#8220;\u0159epn\u00fdch skrojk\u016f a obiln\u00e9 sl\u00e1my&#8221; p\u0159i kritick\u00e9m nedostatku kuku\u0159i\u010dn\u00e9 sil\u00e1\u017ee"}]},{"@type":"WebSite","@id":"https:\/\/agrikomp.com\/de\/#website","url":"https:\/\/agrikomp.com\/de\/","name":"agriKomp GmbH","description":"Biogasanlagen und Biogastechnik wie sie gebraucht wird","publisher":{"@id":"https:\/\/agrikomp.com\/de\/#organization"},"potentialAction":[{"@type":"SearchAction","target":{"@type":"EntryPoint","urlTemplate":"https:\/\/agrikomp.com\/de\/?s={search_term_string}"},"query-input":{"@type":"PropertyValueSpecification","valueRequired":true,"valueName":"search_term_string"}}],"inLanguage":"cs"},{"@type":"Organization","@id":"https:\/\/agrikomp.com\/de\/#organization","name":"agriKomp","url":"https:\/\/agrikomp.com\/de\/","logo":{"@type":"ImageObject","inLanguage":"cs","@id":"https:\/\/agrikomp.com\/de\/#\/schema\/logo\/image\/","url":"https:\/\/www.agrikomp.com\/wp-content\/uploads\/2020\/11\/150224_aKlogo-grau_quer.png","contentUrl":"https:\/\/www.agrikomp.com\/wp-content\/uploads\/2020\/11\/150224_aKlogo-grau_quer.png","width":2560,"height":455,"caption":"agriKomp"},"image":{"@id":"https:\/\/agrikomp.com\/de\/#\/schema\/logo\/image\/"},"sameAs":["https:\/\/www.facebook.com\/agriKomp.Deutschland","https:\/\/www.instagram.com\/agrikomp\/?hl=en","https:\/\/www.linkedin.com\/company\/5254243\/","https:\/\/www.youtube.com\/@AgrikompDeutschland"]},{"@type":"Person","@id":"https:\/\/agrikomp.com\/de\/#\/schema\/person\/13634fa070f0542413fc0f3b0d304ef2","name":"Marketing"}]}},"_links":{"self":[{"href":"https:\/\/www.agrikomp.com\/cs\/wp-json\/wp\/v2\/posts\/39450","targetHints":{"allow":["GET"]}}],"collection":[{"href":"https:\/\/www.agrikomp.com\/cs\/wp-json\/wp\/v2\/posts"}],"about":[{"href":"https:\/\/www.agrikomp.com\/cs\/wp-json\/wp\/v2\/types\/post"}],"author":[{"embeddable":true,"href":"https:\/\/www.agrikomp.com\/cs\/wp-json\/wp\/v2\/users\/2"}],"replies":[{"embeddable":true,"href":"https:\/\/www.agrikomp.com\/cs\/wp-json\/wp\/v2\/comments?post=39450"}],"version-history":[{"count":5,"href":"https:\/\/www.agrikomp.com\/cs\/wp-json\/wp\/v2\/posts\/39450\/revisions"}],"predecessor-version":[{"id":39476,"href":"https:\/\/www.agrikomp.com\/cs\/wp-json\/wp\/v2\/posts\/39450\/revisions\/39476"}],"wp:featuredmedia":[{"embeddable":true,"href":"https:\/\/www.agrikomp.com\/cs\/wp-json\/wp\/v2\/media\/19943"}],"wp:attachment":[{"href":"https:\/\/www.agrikomp.com\/cs\/wp-json\/wp\/v2\/media?parent=39450"}],"wp:term":[{"taxonomy":"category","embeddable":true,"href":"https:\/\/www.agrikomp.com\/cs\/wp-json\/wp\/v2\/categories?post=39450"},{"taxonomy":"post_tag","embeddable":true,"href":"https:\/\/www.agrikomp.com\/cs\/wp-json\/wp\/v2\/tags?post=39450"}],"curies":[{"name":"wp","href":"https:\/\/api.w.org\/{rel}","templated":true}]}}