{"id":39449,"date":"2024-06-12T10:50:52","date_gmt":"2024-06-12T10:50:52","guid":{"rendered":"https:\/\/www.agrikomp.com\/?p=39449"},"modified":"2024-06-12T13:11:13","modified_gmt":"2024-06-12T13:11:13","slug":"technologie-pro-vyuziti-kalu-z-recyklace-prumyslovych-odpadnich-vod","status":"publish","type":"post","link":"https:\/\/www.agrikomp.com\/cs\/technologie-pro-vyuziti-kalu-z-recyklace-prumyslovych-odpadnich-vod\/","title":{"rendered":"Technologie pro vyu\u017eit\u00ed kal\u016f z recyklace pr\u016fmyslov\u00fdch odpadn\u00edch vod"},"content":{"rendered":"\t\t<div data-elementor-type=\"wp-post\" data-elementor-id=\"39449\" class=\"elementor elementor-39449\" data-elementor-post-type=\"post\">\n\t\t\t\t\t\t<section class=\"elementor-section elementor-top-section elementor-element elementor-element-2741f7f4 elementor-section-boxed elementor-section-height-default elementor-section-height-default\" data-id=\"2741f7f4\" data-element_type=\"section\" data-e-type=\"section\">\n\t\t\t\t\t\t<div class=\"elementor-container elementor-column-gap-default\">\n\t\t\t\t\t<div class=\"elementor-column elementor-col-100 elementor-top-column elementor-element elementor-element-5563a326\" data-id=\"5563a326\" data-element_type=\"column\" data-e-type=\"column\">\n\t\t\t<div class=\"elementor-widget-wrap elementor-element-populated\">\n\t\t\t\t\t\t<div class=\"elementor-element elementor-element-3e1cf515 elementor-widget elementor-widget-text-editor\" data-id=\"3e1cf515\" data-element_type=\"widget\" data-e-type=\"widget\" data-widget_type=\"text-editor.default\">\n\t\t\t\t<div class=\"elementor-widget-container\">\n\t\t\t\t\t\t\t\t\t<p><strong>O PROJEKTU<\/strong><br \/>Rostouc\u00ed m\u00edra recyklace vod z pr\u016fmyslov\u00fdch odv\u011btv\u00ed je a bude spojena se zv\u00fd\u0161enou produkc\u00ed nov\u00fdch typ\u016f odpadn\u00edch kal\u016f. C\u00edlem projektu je nalezen\u00ed technologick\u00e9ho postupu pro efektivn\u00ed zpracov\u00e1n\u00ed odpadn\u00edch kal\u016f, tj. s d\u016frazem na vyu\u017eit\u00ed jejich energetick\u00e9ho a materi\u00e1lov\u00e9ho potenci\u00e1lu. Za t\u00edmto \u00fa\u010delem bude v obdob\u00ed jednoho roku odeb\u00edr\u00e1na odpadn\u00ed voda (OV) z vybran\u00fdch pr\u016fmyslov\u00fdch provoz\u016f. Z odebran\u00e9 OV bude s vyu\u017eit\u00edm recykla\u010dn\u00edch metod (mechanick\u00fdch,\u00a0 membr\u00e1nov\u00fdch, tepeln\u00fdch) p\u0159ipravov\u00e1n odpadn\u00ed kal, kter\u00fd bude n\u00e1sledn\u011b podroben anaerobn\u00edmu rozkladu za vzniku bioplynu.<\/p><p>Experiment\u00e1ln\u00ed poznatky budou analyzov\u00e1ny s c\u00edlem definovat takov\u00fd zpracovatelsk\u00fd postup (technologii), kter\u00fd umo\u017en\u00ed efektivn\u00ed vyu\u017eit\u00ed kal\u016fv bioplynov\u00fdch stanic\u00edch a z\u00e1rove\u0148 zachov\u00e1 po\u017eadovanou kvalitu recyklovan\u00e9 vody.<br \/><strong>Ozna\u010den\u00ed:<\/strong> TQ03000374<br \/><strong>Origin\u00e1ln\u00ed jazyk:<\/strong> \u010de\u0161tina<br \/><strong>\u0158e\u0161itel\u00e9:<\/strong> Ing. Magda Vi\u010d\u00edkov\u00e1, Ing. Michaela \u0160\u00e1lkov\u00e1, Ing. Monika \u0160t\u011bpni\u010dkov\u00e1<br \/><strong>Doba \u0159e\u0161en\u00ed:<\/strong> 1\/2024-12\/2025<br \/><strong>Partne\u0159i projektu:<\/strong><br \/>Vysok\u00e9 u\u010den\u00ed technick\u00e9 v Brn\u011b \u2013 Fakulta strojn\u00edho in\u017een\u00fdrstv\u00ed \u2013 hlavn\u00ed p\u0159\u00edjemce<br \/>agriKomp Bohemia s.r.o.<br \/><strong>Zdroje financov\u00e1n\u00ed:<\/strong> Technologick\u00e1 agentura \u010cR &#8211; Program SIGMA: 2. ve\u0159ejn\u00e1<br \/>sout\u011b\u017e &#8211; d\u00edl\u010d\u00ed c\u00edl 2, za\u010d\u00ednaj\u00edc\u00ed v\u00fdzkumn\u00edci\/v\u00fdzkumnice<\/p>\t\t\t\t\t\t\t\t<\/div>\n\t\t\t\t<\/div>\n\t\t\t\t<div class=\"elementor-element elementor-element-1b9da4e elementor-widget elementor-widget-image\" data-id=\"1b9da4e\" data-element_type=\"widget\" data-e-type=\"widget\" data-widget_type=\"image.default\">\n\t\t\t\t<div class=\"elementor-widget-container\">\n\t\t\t\t\t\t\t\t\t\t\t\t\t\t\t\t<a href=\"http:\/\/www.tacr.cz\" target=\"_blank\">\n\t\t\t\t\t\t\t<img fetchpriority=\"high\" decoding=\"async\" width=\"800\" height=\"219\" src=\"https:\/\/www.agrikomp.com\/wp-content\/uploads\/Bild2-1024x280.jpg\" class=\"attachment-large size-large wp-image-39453\" alt=\"\" srcset=\"https:\/\/www.agrikomp.com\/wp-content\/uploads\/Bild2-1024x280.jpg 1024w, https:\/\/www.agrikomp.com\/wp-content\/uploads\/Bild2-300x82.jpg 300w, https:\/\/www.agrikomp.com\/wp-content\/uploads\/Bild2-768x210.jpg 768w, https:\/\/www.agrikomp.com\/wp-content\/uploads\/Bild2.jpg 1080w\" sizes=\"(max-width: 800px) 100vw, 800px\" \/>\t\t\t\t\t\t\t\t<\/a>\n\t\t\t\t\t\t\t\t\t\t\t\t\t\t\t<\/div>\n\t\t\t\t<\/div>\n\t\t\t\t\t<\/div>\n\t\t<\/div>\n\t\t\t\t\t<\/div>\n\t\t<\/section>\n\t\t\t\t<\/div>\n\t\t","protected":false},"excerpt":{"rendered":"<p>O PROJEKTURostouc\u00ed m\u00edra recyklace vod z pr\u016fmyslov\u00fdch odv\u011btv\u00ed je a bude spojena se zv\u00fd\u0161enou produkc\u00ed nov\u00fdch typ\u016f odpadn\u00edch kal\u016f. C\u00edlem projektu je nalezen\u00ed technologick\u00e9ho postupu pro efektivn\u00ed zpracov\u00e1n\u00ed odpadn\u00edch kal\u016f, tj. s d\u016frazem na vyu\u017eit\u00ed jejich energetick\u00e9ho a materi\u00e1lov\u00e9ho potenci\u00e1lu. Za t\u00edmto \u00fa\u010delem bude v obdob\u00ed jednoho roku odeb\u00edr\u00e1na odpadn\u00ed voda (OV) z vybran\u00fdch pr\u016fmyslov\u00fdch [&hellip;]<\/p>\n","protected":false},"author":2,"featured_media":19943,"comment_status":"closed","ping_status":"closed","sticky":false,"template":"","format":"standard","meta":{"footnotes":""},"categories":[270],"tags":[],"class_list":["post-39449","post","type-post","status-publish","format-standard","has-post-thumbnail","hentry","category-eu-projekte-aktualne"],"yoast_head":"<!-- This site is optimized with the Yoast SEO Premium plugin v27.4 (Yoast SEO v27.4) - https:\/\/yoast.com\/product\/yoast-seo-premium-wordpress\/ -->\n<title>Technologie pro vyu\u017eit\u00ed kal\u016f z recyklace pr\u016fmyslov\u00fdch odpadn\u00edch vod - agriKomp GmbH<\/title>\n<meta name=\"robots\" content=\"index, follow, max-snippet:-1, max-image-preview:large, max-video-preview:-1\" \/>\n<link rel=\"canonical\" href=\"https:\/\/www.agrikomp.com\/cs\/technologie-pro-vyuziti-kalu-z-recyklace-prumyslovych-odpadnich-vod\/\" \/>\n<meta property=\"og:locale\" content=\"cs_CZ\" \/>\n<meta property=\"og:type\" content=\"article\" \/>\n<meta property=\"og:title\" content=\"Technologie pro vyu\u017eit\u00ed kal\u016f z recyklace pr\u016fmyslov\u00fdch odpadn\u00edch vod\" \/>\n<meta property=\"og:description\" content=\"O PROJEKTURostouc\u00ed m\u00edra recyklace vod z pr\u016fmyslov\u00fdch odv\u011btv\u00ed je a bude spojena se zv\u00fd\u0161enou produkc\u00ed nov\u00fdch typ\u016f odpadn\u00edch kal\u016f. C\u00edlem projektu je nalezen\u00ed technologick\u00e9ho postupu pro efektivn\u00ed zpracov\u00e1n\u00ed odpadn\u00edch kal\u016f, tj. s d\u016frazem na vyu\u017eit\u00ed jejich energetick\u00e9ho a materi\u00e1lov\u00e9ho potenci\u00e1lu. Za t\u00edmto \u00fa\u010delem bude v obdob\u00ed jednoho roku odeb\u00edr\u00e1na odpadn\u00ed voda (OV) z vybran\u00fdch pr\u016fmyslov\u00fdch [&hellip;]\" \/>\n<meta property=\"og:url\" content=\"https:\/\/www.agrikomp.com\/cs\/technologie-pro-vyuziti-kalu-z-recyklace-prumyslovych-odpadnich-vod\/\" \/>\n<meta property=\"og:site_name\" content=\"agriKomp GmbH\" \/>\n<meta property=\"article:publisher\" content=\"https:\/\/www.facebook.com\/agriKomp.Deutschland\" \/>\n<meta property=\"article:published_time\" content=\"2024-06-12T10:50:52+00:00\" \/>\n<meta property=\"article:modified_time\" content=\"2024-06-12T13:11:13+00:00\" \/>\n<meta property=\"og:image\" content=\"https:\/\/www.agrikomp.com\/wp-content\/uploads\/2021\/03\/ak_mkd_gebaeude_halle_web-e1619435923634.jpg\" \/>\n\t<meta property=\"og:image:width\" content=\"1199\" \/>\n\t<meta property=\"og:image:height\" content=\"799\" \/>\n\t<meta property=\"og:image:type\" content=\"image\/jpeg\" \/>\n<meta name=\"author\" content=\"Marketing\" \/>\n<meta name=\"twitter:card\" content=\"summary_large_image\" \/>\n<meta name=\"twitter:label1\" content=\"Napsal(a)\" \/>\n\t<meta name=\"twitter:data1\" content=\"Marketing\" \/>\n\t<meta name=\"twitter:label2\" content=\"Odhadovan\u00e1 doba \u010dten\u00ed\" \/>\n\t<meta name=\"twitter:data2\" content=\"2 minuty\" \/>\n<script type=\"application\/ld+json\" class=\"yoast-schema-graph\">{\"@context\":\"https:\\\/\\\/schema.org\",\"@graph\":[{\"@type\":\"Article\",\"@id\":\"https:\\\/\\\/www.agrikomp.com\\\/cs\\\/technologie-pro-vyuziti-kalu-z-recyklace-prumyslovych-odpadnich-vod\\\/#article\",\"isPartOf\":{\"@id\":\"https:\\\/\\\/www.agrikomp.com\\\/cs\\\/technologie-pro-vyuziti-kalu-z-recyklace-prumyslovych-odpadnich-vod\\\/\"},\"author\":{\"name\":\"Marketing\",\"@id\":\"https:\\\/\\\/agrikomp.com\\\/de\\\/#\\\/schema\\\/person\\\/13634fa070f0542413fc0f3b0d304ef2\"},\"headline\":\"Technologie pro vyu\u017eit\u00ed kal\u016f z recyklace pr\u016fmyslov\u00fdch odpadn\u00edch vod\",\"datePublished\":\"2024-06-12T10:50:52+00:00\",\"dateModified\":\"2024-06-12T13:11:13+00:00\",\"mainEntityOfPage\":{\"@id\":\"https:\\\/\\\/www.agrikomp.com\\\/cs\\\/technologie-pro-vyuziti-kalu-z-recyklace-prumyslovych-odpadnich-vod\\\/\"},\"wordCount\":236,\"publisher\":{\"@id\":\"https:\\\/\\\/agrikomp.com\\\/de\\\/#organization\"},\"image\":{\"@id\":\"https:\\\/\\\/www.agrikomp.com\\\/cs\\\/technologie-pro-vyuziti-kalu-z-recyklace-prumyslovych-odpadnich-vod\\\/#primaryimage\"},\"thumbnailUrl\":\"https:\\\/\\\/www.agrikomp.com\\\/wp-content\\\/uploads\\\/2021\\\/03\\\/ak_mkd_gebaeude_halle_web-e1619435923634.jpg\",\"articleSection\":[\"EU-Projekte AKTU\u00c1LN\u011a\"],\"inLanguage\":\"cs\"},{\"@type\":\"WebPage\",\"@id\":\"https:\\\/\\\/www.agrikomp.com\\\/cs\\\/technologie-pro-vyuziti-kalu-z-recyklace-prumyslovych-odpadnich-vod\\\/\",\"url\":\"https:\\\/\\\/www.agrikomp.com\\\/cs\\\/technologie-pro-vyuziti-kalu-z-recyklace-prumyslovych-odpadnich-vod\\\/\",\"name\":\"Technologie pro vyu\u017eit\u00ed kal\u016f z recyklace pr\u016fmyslov\u00fdch odpadn\u00edch vod - agriKomp GmbH\",\"isPartOf\":{\"@id\":\"https:\\\/\\\/agrikomp.com\\\/de\\\/#website\"},\"primaryImageOfPage\":{\"@id\":\"https:\\\/\\\/www.agrikomp.com\\\/cs\\\/technologie-pro-vyuziti-kalu-z-recyklace-prumyslovych-odpadnich-vod\\\/#primaryimage\"},\"image\":{\"@id\":\"https:\\\/\\\/www.agrikomp.com\\\/cs\\\/technologie-pro-vyuziti-kalu-z-recyklace-prumyslovych-odpadnich-vod\\\/#primaryimage\"},\"thumbnailUrl\":\"https:\\\/\\\/www.agrikomp.com\\\/wp-content\\\/uploads\\\/2021\\\/03\\\/ak_mkd_gebaeude_halle_web-e1619435923634.jpg\",\"datePublished\":\"2024-06-12T10:50:52+00:00\",\"dateModified\":\"2024-06-12T13:11:13+00:00\",\"breadcrumb\":{\"@id\":\"https:\\\/\\\/www.agrikomp.com\\\/cs\\\/technologie-pro-vyuziti-kalu-z-recyklace-prumyslovych-odpadnich-vod\\\/#breadcrumb\"},\"inLanguage\":\"cs\",\"potentialAction\":[{\"@type\":\"ReadAction\",\"target\":[\"https:\\\/\\\/www.agrikomp.com\\\/cs\\\/technologie-pro-vyuziti-kalu-z-recyklace-prumyslovych-odpadnich-vod\\\/\"]}]},{\"@type\":\"ImageObject\",\"inLanguage\":\"cs\",\"@id\":\"https:\\\/\\\/www.agrikomp.com\\\/cs\\\/technologie-pro-vyuziti-kalu-z-recyklace-prumyslovych-odpadnich-vod\\\/#primaryimage\",\"url\":\"https:\\\/\\\/www.agrikomp.com\\\/wp-content\\\/uploads\\\/2021\\\/03\\\/ak_mkd_gebaeude_halle_web-e1619435923634.jpg\",\"contentUrl\":\"https:\\\/\\\/www.agrikomp.com\\\/wp-content\\\/uploads\\\/2021\\\/03\\\/ak_mkd_gebaeude_halle_web-e1619435923634.jpg\",\"width\":1199,\"height\":799,\"caption\":\"agriKomp Bohemia\"},{\"@type\":\"BreadcrumbList\",\"@id\":\"https:\\\/\\\/www.agrikomp.com\\\/cs\\\/technologie-pro-vyuziti-kalu-z-recyklace-prumyslovych-odpadnich-vod\\\/#breadcrumb\",\"itemListElement\":[{\"@type\":\"ListItem\",\"position\":1,\"name\":\"Homepage\",\"item\":\"https:\\\/\\\/www.agrikomp.com\\\/cs\\\/\"},{\"@type\":\"ListItem\",\"position\":2,\"name\":\"EU-Projekte\",\"item\":\"https:\\\/\\\/www.agrikomp.com\\\/cs\\\/category\\\/eu-projekte-cs\\\/\"},{\"@type\":\"ListItem\",\"position\":3,\"name\":\"EU-Projekte AKTU\u00c1LN\u011a\",\"item\":\"https:\\\/\\\/www.agrikomp.com\\\/cs\\\/category\\\/eu-projekte-cs\\\/eu-projekte-aktualne\\\/\"},{\"@type\":\"ListItem\",\"position\":4,\"name\":\"Technologie pro vyu\u017eit\u00ed kal\u016f z recyklace pr\u016fmyslov\u00fdch odpadn\u00edch vod\"}]},{\"@type\":\"WebSite\",\"@id\":\"https:\\\/\\\/agrikomp.com\\\/de\\\/#website\",\"url\":\"https:\\\/\\\/agrikomp.com\\\/de\\\/\",\"name\":\"agriKomp GmbH\",\"description\":\"Biogasanlagen und Biogastechnik wie sie gebraucht wird\",\"publisher\":{\"@id\":\"https:\\\/\\\/agrikomp.com\\\/de\\\/#organization\"},\"potentialAction\":[{\"@type\":\"SearchAction\",\"target\":{\"@type\":\"EntryPoint\",\"urlTemplate\":\"https:\\\/\\\/agrikomp.com\\\/de\\\/?s={search_term_string}\"},\"query-input\":{\"@type\":\"PropertyValueSpecification\",\"valueRequired\":true,\"valueName\":\"search_term_string\"}}],\"inLanguage\":\"cs\"},{\"@type\":\"Organization\",\"@id\":\"https:\\\/\\\/agrikomp.com\\\/de\\\/#organization\",\"name\":\"agriKomp\",\"url\":\"https:\\\/\\\/agrikomp.com\\\/de\\\/\",\"logo\":{\"@type\":\"ImageObject\",\"inLanguage\":\"cs\",\"@id\":\"https:\\\/\\\/agrikomp.com\\\/de\\\/#\\\/schema\\\/logo\\\/image\\\/\",\"url\":\"https:\\\/\\\/www.agrikomp.com\\\/wp-content\\\/uploads\\\/2020\\\/11\\\/150224_aKlogo-grau_quer.png\",\"contentUrl\":\"https:\\\/\\\/www.agrikomp.com\\\/wp-content\\\/uploads\\\/2020\\\/11\\\/150224_aKlogo-grau_quer.png\",\"width\":2560,\"height\":455,\"caption\":\"agriKomp\"},\"image\":{\"@id\":\"https:\\\/\\\/agrikomp.com\\\/de\\\/#\\\/schema\\\/logo\\\/image\\\/\"},\"sameAs\":[\"https:\\\/\\\/www.facebook.com\\\/agriKomp.Deutschland\",\"https:\\\/\\\/www.instagram.com\\\/agrikomp\\\/?hl=en\",\"https:\\\/\\\/www.linkedin.com\\\/company\\\/5254243\\\/\",\"https:\\\/\\\/www.youtube.com\\\/@AgrikompDeutschland\"]},{\"@type\":\"Person\",\"@id\":\"https:\\\/\\\/agrikomp.com\\\/de\\\/#\\\/schema\\\/person\\\/13634fa070f0542413fc0f3b0d304ef2\",\"name\":\"Marketing\"}]}<\/script>\n<!-- \/ Yoast SEO Premium plugin. -->","yoast_head_json":{"title":"Technologie pro vyu\u017eit\u00ed kal\u016f z recyklace pr\u016fmyslov\u00fdch odpadn\u00edch vod - agriKomp GmbH","robots":{"index":"index","follow":"follow","max-snippet":"max-snippet:-1","max-image-preview":"max-image-preview:large","max-video-preview":"max-video-preview:-1"},"canonical":"https:\/\/www.agrikomp.com\/cs\/technologie-pro-vyuziti-kalu-z-recyklace-prumyslovych-odpadnich-vod\/","og_locale":"cs_CZ","og_type":"article","og_title":"Technologie pro vyu\u017eit\u00ed kal\u016f z recyklace pr\u016fmyslov\u00fdch odpadn\u00edch vod","og_description":"O PROJEKTURostouc\u00ed m\u00edra recyklace vod z pr\u016fmyslov\u00fdch odv\u011btv\u00ed je a bude spojena se zv\u00fd\u0161enou produkc\u00ed nov\u00fdch typ\u016f odpadn\u00edch kal\u016f. C\u00edlem projektu je nalezen\u00ed technologick\u00e9ho postupu pro efektivn\u00ed zpracov\u00e1n\u00ed odpadn\u00edch kal\u016f, tj. s d\u016frazem na vyu\u017eit\u00ed jejich energetick\u00e9ho a materi\u00e1lov\u00e9ho potenci\u00e1lu. Za t\u00edmto \u00fa\u010delem bude v obdob\u00ed jednoho roku odeb\u00edr\u00e1na odpadn\u00ed voda (OV) z vybran\u00fdch pr\u016fmyslov\u00fdch [&hellip;]","og_url":"https:\/\/www.agrikomp.com\/cs\/technologie-pro-vyuziti-kalu-z-recyklace-prumyslovych-odpadnich-vod\/","og_site_name":"agriKomp GmbH","article_publisher":"https:\/\/www.facebook.com\/agriKomp.Deutschland","article_published_time":"2024-06-12T10:50:52+00:00","article_modified_time":"2024-06-12T13:11:13+00:00","og_image":[{"width":1199,"height":799,"url":"https:\/\/www.agrikomp.com\/wp-content\/uploads\/2021\/03\/ak_mkd_gebaeude_halle_web-e1619435923634.jpg","type":"image\/jpeg"}],"author":"Marketing","twitter_card":"summary_large_image","twitter_misc":{"Napsal(a)":"Marketing","Odhadovan\u00e1 doba \u010dten\u00ed":"2 minuty"},"schema":{"@context":"https:\/\/schema.org","@graph":[{"@type":"Article","@id":"https:\/\/www.agrikomp.com\/cs\/technologie-pro-vyuziti-kalu-z-recyklace-prumyslovych-odpadnich-vod\/#article","isPartOf":{"@id":"https:\/\/www.agrikomp.com\/cs\/technologie-pro-vyuziti-kalu-z-recyklace-prumyslovych-odpadnich-vod\/"},"author":{"name":"Marketing","@id":"https:\/\/agrikomp.com\/de\/#\/schema\/person\/13634fa070f0542413fc0f3b0d304ef2"},"headline":"Technologie pro vyu\u017eit\u00ed kal\u016f z recyklace pr\u016fmyslov\u00fdch odpadn\u00edch vod","datePublished":"2024-06-12T10:50:52+00:00","dateModified":"2024-06-12T13:11:13+00:00","mainEntityOfPage":{"@id":"https:\/\/www.agrikomp.com\/cs\/technologie-pro-vyuziti-kalu-z-recyklace-prumyslovych-odpadnich-vod\/"},"wordCount":236,"publisher":{"@id":"https:\/\/agrikomp.com\/de\/#organization"},"image":{"@id":"https:\/\/www.agrikomp.com\/cs\/technologie-pro-vyuziti-kalu-z-recyklace-prumyslovych-odpadnich-vod\/#primaryimage"},"thumbnailUrl":"https:\/\/www.agrikomp.com\/wp-content\/uploads\/2021\/03\/ak_mkd_gebaeude_halle_web-e1619435923634.jpg","articleSection":["EU-Projekte AKTU\u00c1LN\u011a"],"inLanguage":"cs"},{"@type":"WebPage","@id":"https:\/\/www.agrikomp.com\/cs\/technologie-pro-vyuziti-kalu-z-recyklace-prumyslovych-odpadnich-vod\/","url":"https:\/\/www.agrikomp.com\/cs\/technologie-pro-vyuziti-kalu-z-recyklace-prumyslovych-odpadnich-vod\/","name":"Technologie pro vyu\u017eit\u00ed kal\u016f z recyklace pr\u016fmyslov\u00fdch odpadn\u00edch vod - agriKomp GmbH","isPartOf":{"@id":"https:\/\/agrikomp.com\/de\/#website"},"primaryImageOfPage":{"@id":"https:\/\/www.agrikomp.com\/cs\/technologie-pro-vyuziti-kalu-z-recyklace-prumyslovych-odpadnich-vod\/#primaryimage"},"image":{"@id":"https:\/\/www.agrikomp.com\/cs\/technologie-pro-vyuziti-kalu-z-recyklace-prumyslovych-odpadnich-vod\/#primaryimage"},"thumbnailUrl":"https:\/\/www.agrikomp.com\/wp-content\/uploads\/2021\/03\/ak_mkd_gebaeude_halle_web-e1619435923634.jpg","datePublished":"2024-06-12T10:50:52+00:00","dateModified":"2024-06-12T13:11:13+00:00","breadcrumb":{"@id":"https:\/\/www.agrikomp.com\/cs\/technologie-pro-vyuziti-kalu-z-recyklace-prumyslovych-odpadnich-vod\/#breadcrumb"},"inLanguage":"cs","potentialAction":[{"@type":"ReadAction","target":["https:\/\/www.agrikomp.com\/cs\/technologie-pro-vyuziti-kalu-z-recyklace-prumyslovych-odpadnich-vod\/"]}]},{"@type":"ImageObject","inLanguage":"cs","@id":"https:\/\/www.agrikomp.com\/cs\/technologie-pro-vyuziti-kalu-z-recyklace-prumyslovych-odpadnich-vod\/#primaryimage","url":"https:\/\/www.agrikomp.com\/wp-content\/uploads\/2021\/03\/ak_mkd_gebaeude_halle_web-e1619435923634.jpg","contentUrl":"https:\/\/www.agrikomp.com\/wp-content\/uploads\/2021\/03\/ak_mkd_gebaeude_halle_web-e1619435923634.jpg","width":1199,"height":799,"caption":"agriKomp Bohemia"},{"@type":"BreadcrumbList","@id":"https:\/\/www.agrikomp.com\/cs\/technologie-pro-vyuziti-kalu-z-recyklace-prumyslovych-odpadnich-vod\/#breadcrumb","itemListElement":[{"@type":"ListItem","position":1,"name":"Homepage","item":"https:\/\/www.agrikomp.com\/cs\/"},{"@type":"ListItem","position":2,"name":"EU-Projekte","item":"https:\/\/www.agrikomp.com\/cs\/category\/eu-projekte-cs\/"},{"@type":"ListItem","position":3,"name":"EU-Projekte AKTU\u00c1LN\u011a","item":"https:\/\/www.agrikomp.com\/cs\/category\/eu-projekte-cs\/eu-projekte-aktualne\/"},{"@type":"ListItem","position":4,"name":"Technologie pro vyu\u017eit\u00ed kal\u016f z recyklace pr\u016fmyslov\u00fdch odpadn\u00edch vod"}]},{"@type":"WebSite","@id":"https:\/\/agrikomp.com\/de\/#website","url":"https:\/\/agrikomp.com\/de\/","name":"agriKomp GmbH","description":"Biogasanlagen und Biogastechnik wie sie gebraucht wird","publisher":{"@id":"https:\/\/agrikomp.com\/de\/#organization"},"potentialAction":[{"@type":"SearchAction","target":{"@type":"EntryPoint","urlTemplate":"https:\/\/agrikomp.com\/de\/?s={search_term_string}"},"query-input":{"@type":"PropertyValueSpecification","valueRequired":true,"valueName":"search_term_string"}}],"inLanguage":"cs"},{"@type":"Organization","@id":"https:\/\/agrikomp.com\/de\/#organization","name":"agriKomp","url":"https:\/\/agrikomp.com\/de\/","logo":{"@type":"ImageObject","inLanguage":"cs","@id":"https:\/\/agrikomp.com\/de\/#\/schema\/logo\/image\/","url":"https:\/\/www.agrikomp.com\/wp-content\/uploads\/2020\/11\/150224_aKlogo-grau_quer.png","contentUrl":"https:\/\/www.agrikomp.com\/wp-content\/uploads\/2020\/11\/150224_aKlogo-grau_quer.png","width":2560,"height":455,"caption":"agriKomp"},"image":{"@id":"https:\/\/agrikomp.com\/de\/#\/schema\/logo\/image\/"},"sameAs":["https:\/\/www.facebook.com\/agriKomp.Deutschland","https:\/\/www.instagram.com\/agrikomp\/?hl=en","https:\/\/www.linkedin.com\/company\/5254243\/","https:\/\/www.youtube.com\/@AgrikompDeutschland"]},{"@type":"Person","@id":"https:\/\/agrikomp.com\/de\/#\/schema\/person\/13634fa070f0542413fc0f3b0d304ef2","name":"Marketing"}]}},"_links":{"self":[{"href":"https:\/\/www.agrikomp.com\/cs\/wp-json\/wp\/v2\/posts\/39449","targetHints":{"allow":["GET"]}}],"collection":[{"href":"https:\/\/www.agrikomp.com\/cs\/wp-json\/wp\/v2\/posts"}],"about":[{"href":"https:\/\/www.agrikomp.com\/cs\/wp-json\/wp\/v2\/types\/post"}],"author":[{"embeddable":true,"href":"https:\/\/www.agrikomp.com\/cs\/wp-json\/wp\/v2\/users\/2"}],"replies":[{"embeddable":true,"href":"https:\/\/www.agrikomp.com\/cs\/wp-json\/wp\/v2\/comments?post=39449"}],"version-history":[{"count":9,"href":"https:\/\/www.agrikomp.com\/cs\/wp-json\/wp\/v2\/posts\/39449\/revisions"}],"predecessor-version":[{"id":39465,"href":"https:\/\/www.agrikomp.com\/cs\/wp-json\/wp\/v2\/posts\/39449\/revisions\/39465"}],"wp:featuredmedia":[{"embeddable":true,"href":"https:\/\/www.agrikomp.com\/cs\/wp-json\/wp\/v2\/media\/19943"}],"wp:attachment":[{"href":"https:\/\/www.agrikomp.com\/cs\/wp-json\/wp\/v2\/media?parent=39449"}],"wp:term":[{"taxonomy":"category","embeddable":true,"href":"https:\/\/www.agrikomp.com\/cs\/wp-json\/wp\/v2\/categories?post=39449"},{"taxonomy":"post_tag","embeddable":true,"href":"https:\/\/www.agrikomp.com\/cs\/wp-json\/wp\/v2\/tags?post=39449"}],"curies":[{"name":"wp","href":"https:\/\/api.w.org\/{rel}","templated":true}]}}